{"id":1182,"date":"2017-03-31T18:15:50","date_gmt":"2017-03-31T16:15:50","guid":{"rendered":"https:\/\/adapeipapillonsblancs.alsace\/?p=1182"},"modified":"2024-09-19T09:09:29","modified_gmt":"2024-09-19T07:09:29","slug":"savs-secteur-bas-rhin","status":"publish","type":"post","link":"https:\/\/adapeipapillonsblancs.alsace\/index.php\/2017\/03\/31\/savs-secteur-bas-rhin\/","title":{"rendered":"SAVS &#8211; Service d&rsquo;Accompagnement \u00e0 la Vie Sociale -Lingolsheim et Mutzig"},"content":{"rendered":"<p>[et_pb_section fb_built=\u00a0\u00bb1&Prime; custom_padding_last_edited=\u00a0\u00bbon|desktop\u00a0\u00bb admin_label=\u00a0\u00bbSection 1 &#8211; Fiche Etablissement\u00a0\u00bb _builder_version=\u00a0\u00bb4.16&Prime; custom_padding=\u00a0\u00bb0px|0px|0px|0px\u00a0\u00bb custom_padding_tablet=\u00a0\u00bb0px|12px|0px|12px\u00a0\u00bb custom_padding_phone=\u00a0\u00bb\u00a0\u00bb transparent_background=\u00a0\u00bboff\u00a0\u00bb make_fullwidth=\u00a0\u00bboff\u00a0\u00bb use_custom_width=\u00a0\u00bboff\u00a0\u00bb width_unit=\u00a0\u00bboff\u00a0\u00bb custom_width_px=\u00a0\u00bb1080px\u00a0\u00bb custom_width_percent=\u00a0\u00bb80%\u00a0\u00bb global_colors_info=\u00a0\u00bb{}\u00a0\u00bb][et_pb_row admin_label=\u00a0\u00bbrow\u00a0\u00bb _builder_version=\u00a0\u00bb4.16&Prime; background_size=\u00a0\u00bbinitial\u00a0\u00bb background_position=\u00a0\u00bbtop_left\u00a0\u00bb background_repeat=\u00a0\u00bbrepeat\u00a0\u00bb custom_padding=\u00a0\u00bb0px|0px|0px|0px\u00a0\u00bb make_fullwidth=\u00a0\u00bboff\u00a0\u00bb use_custom_width=\u00a0\u00bboff\u00a0\u00bb width_unit=\u00a0\u00bboff\u00a0\u00bb custom_width_px=\u00a0\u00bb1080px\u00a0\u00bb custom_width_percent=\u00a0\u00bb80%\u00a0\u00bb global_colors_info=\u00a0\u00bb{}\u00a0\u00bb][et_pb_column type=\u00a0\u00bb4_4&Prime; _builder_version=\u00a0\u00bb4.16&Prime; custom_padding=\u00a0\u00bb|||\u00a0\u00bb global_colors_info=\u00a0\u00bb{}\u00a0\u00bb custom_padding__hover=\u00a0\u00bb|||\u00a0\u00bb][et_pb_divider color=\u00a0\u00bb#000000&Prime; divider_style=\u00a0\u00bbdotted\u00a0\u00bb divider_weight=\u00a0\u00bb2px\u00a0\u00bb disabled_on=\u00a0\u00bbon|on|\u00a0\u00bb admin_label=\u00a0\u00bbS\u00e9parateur\u00a0\u00bb _builder_version=\u00a0\u00bb4.16&Prime; height=\u00a0\u00bb8px\u00a0\u00bb hide_on_mobile=\u00a0\u00bbon\u00a0\u00bb global_colors_info=\u00a0\u00bb{}\u00a0\u00bb] [\/et_pb_divider][et_pb_text admin_label=\u00a0\u00bbTexte &#8211; Public\u00a0\u00bb _builder_version=\u00a0\u00bb4.16&Prime; text_text_color=\u00a0\u00bb#07ba96&Prime; background_size=\u00a0\u00bbinitial\u00a0\u00bb background_position=\u00a0\u00bbtop_left\u00a0\u00bb background_repeat=\u00a0\u00bbrepeat\u00a0\u00bb text_font_size_tablet=\u00a0\u00bb14px\u00a0\u00bb text_font_size_phone=\u00a0\u00bb\u00a0\u00bb text_font_size_last_edited=\u00a0\u00bbon|phone\u00a0\u00bb use_border_color=\u00a0\u00bboff\u00a0\u00bb border_style=\u00a0\u00bbsolid\u00a0\u00bb saved_tabs=\u00a0\u00bball\u00a0\u00bb global_colors_info=\u00a0\u00bb{}\u00a0\u00bb]<\/p>\n<h5><span style=\"color: #07b1b7;\"><strong>&gt; Adultes entre 20 et 60 ans pr\u00e9sentant un handicap mental psychique<br \/>\n<\/strong><\/span><\/h5>\n<p>[\/et_pb_text][\/et_pb_column][\/et_pb_row][et_pb_row column_structure=\u00a0\u00bb1_2,1_2&Prime; admin_label=\u00a0\u00bbrow\u00a0\u00bb _builder_version=\u00a0\u00bb4.16&Prime; background_size=\u00a0\u00bbinitial\u00a0\u00bb background_position=\u00a0\u00bbtop_left\u00a0\u00bb background_repeat=\u00a0\u00bbrepeat\u00a0\u00bb custom_padding=\u00a0\u00bb12px|0px|24px|0px\u00a0\u00bb make_fullwidth=\u00a0\u00bboff\u00a0\u00bb use_custom_width=\u00a0\u00bboff\u00a0\u00bb width_unit=\u00a0\u00bboff\u00a0\u00bb custom_width_px=\u00a0\u00bb1080px\u00a0\u00bb custom_width_percent=\u00a0\u00bb80%\u00a0\u00bb global_colors_info=\u00a0\u00bb{}\u00a0\u00bb][et_pb_column type=\u00a0\u00bb1_2&Prime; _builder_version=\u00a0\u00bb4.16&Prime; custom_padding=\u00a0\u00bb|||\u00a0\u00bb global_colors_info=\u00a0\u00bb{}\u00a0\u00bb custom_padding__hover=\u00a0\u00bb|||\u00a0\u00bb][et_pb_text admin_label=\u00a0\u00bbTexte &#8211; Contact\u00a0\u00bb _builder_version=\u00a0\u00bb4.27.0&Prime; background_size=\u00a0\u00bbinitial\u00a0\u00bb background_position=\u00a0\u00bbtop_left\u00a0\u00bb background_repeat=\u00a0\u00bbrepeat\u00a0\u00bb text_font_size_tablet=\u00a0\u00bb14px\u00a0\u00bb text_font_size_phone=\u00a0\u00bb\u00a0\u00bb text_font_size_last_edited=\u00a0\u00bbon|phone\u00a0\u00bb use_border_color=\u00a0\u00bboff\u00a0\u00bb border_color=\u00a0\u00bb#ffffff\u00a0\u00bb border_style=\u00a0\u00bbsolid\u00a0\u00bb global_colors_info=\u00a0\u00bb{}\u00a0\u00bb]<\/p>\n<h2>Contact<\/h2>\n<p><strong>Directrice H\u00e9bergement et Accompagnement : V\u00e9ronique GIOT<br \/>Directrice D\u00e9l\u00e9gu\u00e9e H\u00e9bergement et Accompagnement : V\u00e9ronique GAUGUET<\/strong><\/p>\n<p><strong style=\"font-size: 14px;\">Cheffe de service SAVS Lingolsheim : Sophie FEGA<br \/><\/strong><strong>Cheffe de service SAVS Mutzig : Nathalie ALMEIDA<br \/>Administratrice R\u00e9f\u00e9rente : Maria ROYON<br \/><\/strong><\/p>\n<p>[\/et_pb_text][et_pb_text disabled_on=\u00a0\u00bbon|on|\u00a0\u00bb admin_label=\u00a0\u00bbTexte &#8211; T\u00e9l\u00a0\u00bb _builder_version=\u00a0\u00bb4.27.0&Prime; background_size=\u00a0\u00bbinitial\u00a0\u00bb background_position=\u00a0\u00bbtop_left\u00a0\u00bb background_repeat=\u00a0\u00bbrepeat\u00a0\u00bb text_font_size_tablet=\u00a0\u00bb14px\u00a0\u00bb text_font_size_phone=\u00a0\u00bb\u00a0\u00bb text_font_size_last_edited=\u00a0\u00bbon|phone\u00a0\u00bb use_border_color=\u00a0\u00bboff\u00a0\u00bb border_style=\u00a0\u00bbsolid\u00a0\u00bb global_colors_info=\u00a0\u00bb{}\u00a0\u00bb]<\/p>\n<p><strong>T\u00e9l. 03 88 77 54 55<br \/><\/strong><\/p>\n<p>[\/et_pb_text][et_pb_button button_url=\u00a0\u00bbtel:+33388775455&Prime; button_text=\u00a0\u00bb03 88 77 54 55&Prime; button_alignment=\u00a0\u00bbleft\u00a0\u00bb disabled_on=\u00a0\u00bb||on\u00a0\u00bb admin_label=\u00a0\u00bbBouton &#8211; T\u00e9l\u00a0\u00bb _builder_version=\u00a0\u00bb4.27.0&Prime; custom_button=\u00a0\u00bbon\u00a0\u00bb button_text_size=\u00a0\u00bb14px\u00a0\u00bb button_text_color=\u00a0\u00bb#ffffff\u00a0\u00bb button_bg_color=\u00a0\u00bbrgba(147,147,147,0.66)\u00a0\u00bb button_border_width=\u00a0\u00bb1px\u00a0\u00bb button_border_color=\u00a0\u00bb#ffffff\u00a0\u00bb button_font=\u00a0\u00bb|on|||\u00a0\u00bb button_icon=\u00a0\u00bb&#xe090;||divi||400&Prime; button_icon_color=\u00a0\u00bb#ffffff\u00a0\u00bb button_icon_placement=\u00a0\u00bbleft\u00a0\u00bb button_on_hover=\u00a0\u00bboff\u00a0\u00bb button_text_color_hover=\u00a0\u00bbrgba(255,255,255,0.69)\u00a0\u00bb button_border_radius_hover=\u00a0\u00bb1px\u00a0\u00bb button_letter_spacing_hover=\u00a0\u00bb0&Prime; global_colors_info=\u00a0\u00bb{}\u00a0\u00bb button_text_size__hover_enabled=\u00a0\u00bboff\u00a0\u00bb button_one_text_size__hover_enabled=\u00a0\u00bboff\u00a0\u00bb button_two_text_size__hover_enabled=\u00a0\u00bboff\u00a0\u00bb button_text_color__hover_enabled=\u00a0\u00bbon\u00a0\u00bb button_text_color__hover=\u00a0\u00bbrgba(255,255,255,0.69)\u00a0\u00bb button_one_text_color__hover_enabled=\u00a0\u00bboff\u00a0\u00bb button_two_text_color__hover_enabled=\u00a0\u00bboff\u00a0\u00bb button_border_width__hover_enabled=\u00a0\u00bboff\u00a0\u00bb button_one_border_width__hover_enabled=\u00a0\u00bboff\u00a0\u00bb button_two_border_width__hover_enabled=\u00a0\u00bboff\u00a0\u00bb button_border_color__hover_enabled=\u00a0\u00bboff\u00a0\u00bb button_one_border_color__hover_enabled=\u00a0\u00bboff\u00a0\u00bb button_two_border_color__hover_enabled=\u00a0\u00bboff\u00a0\u00bb button_border_radius__hover_enabled=\u00a0\u00bbon\u00a0\u00bb button_border_radius__hover=\u00a0\u00bb1px\u00a0\u00bb button_one_border_radius__hover_enabled=\u00a0\u00bboff\u00a0\u00bb button_two_border_radius__hover_enabled=\u00a0\u00bboff\u00a0\u00bb button_letter_spacing__hover_enabled=\u00a0\u00bbon\u00a0\u00bb button_letter_spacing__hover=\u00a0\u00bb0&Prime; button_one_letter_spacing__hover_enabled=\u00a0\u00bboff\u00a0\u00bb button_two_letter_spacing__hover_enabled=\u00a0\u00bboff\u00a0\u00bb button_bg_color__hover_enabled=\u00a0\u00bboff\u00a0\u00bb button_one_bg_color__hover_enabled=\u00a0\u00bboff\u00a0\u00bb button_two_bg_color__hover_enabled=\u00a0\u00bboff\u00a0\u00bb] [\/et_pb_button][et_pb_button button_url=\u00a0\u00bbmailto:vgauguet@adapeipapillonsblancs.alsace\u00a0\u00bb button_text=\u00a0\u00bbvgauguet@adapeipapillonsblancs.alsace\u00a0\u00bb button_alignment=\u00a0\u00bbleft\u00a0\u00bb admin_label=\u00a0\u00bbBouton &#8211; Email\u00a0\u00bb _builder_version=\u00a0\u00bb4.16&Prime; custom_button=\u00a0\u00bbon\u00a0\u00bb button_text_size=\u00a0\u00bb14px\u00a0\u00bb button_text_color=\u00a0\u00bb#ffffff\u00a0\u00bb button_bg_color=\u00a0\u00bbrgba(147,147,147,0.66)\u00a0\u00bb button_border_width=\u00a0\u00bb1px\u00a0\u00bb button_border_color=\u00a0\u00bb#ffffff\u00a0\u00bb button_font=\u00a0\u00bb|on|||\u00a0\u00bb button_icon=\u00a0\u00bb&#xe010;||divi||400&Prime; button_icon_color=\u00a0\u00bb#ffffff\u00a0\u00bb button_icon_placement=\u00a0\u00bbleft\u00a0\u00bb button_on_hover=\u00a0\u00bboff\u00a0\u00bb button_text_color_hover=\u00a0\u00bbrgba(255,255,255,0.69)\u00a0\u00bb button_border_radius_hover=\u00a0\u00bb1px\u00a0\u00bb button_letter_spacing_hover=\u00a0\u00bb0&Prime; global_colors_info=\u00a0\u00bb{}\u00a0\u00bb button_text_size__hover_enabled=\u00a0\u00bboff\u00a0\u00bb button_one_text_size__hover_enabled=\u00a0\u00bboff\u00a0\u00bb button_two_text_size__hover_enabled=\u00a0\u00bboff\u00a0\u00bb button_text_color__hover_enabled=\u00a0\u00bbon\u00a0\u00bb button_text_color__hover=\u00a0\u00bbrgba(255,255,255,0.69)\u00a0\u00bb button_one_text_color__hover_enabled=\u00a0\u00bboff\u00a0\u00bb button_two_text_color__hover_enabled=\u00a0\u00bboff\u00a0\u00bb button_border_width__hover_enabled=\u00a0\u00bboff\u00a0\u00bb button_one_border_width__hover_enabled=\u00a0\u00bboff\u00a0\u00bb button_two_border_width__hover_enabled=\u00a0\u00bboff\u00a0\u00bb button_border_color__hover_enabled=\u00a0\u00bboff\u00a0\u00bb button_one_border_color__hover_enabled=\u00a0\u00bboff\u00a0\u00bb button_two_border_color__hover_enabled=\u00a0\u00bboff\u00a0\u00bb button_border_radius__hover_enabled=\u00a0\u00bbon\u00a0\u00bb button_border_radius__hover=\u00a0\u00bb1px\u00a0\u00bb button_one_border_radius__hover_enabled=\u00a0\u00bboff\u00a0\u00bb button_two_border_radius__hover_enabled=\u00a0\u00bboff\u00a0\u00bb button_letter_spacing__hover_enabled=\u00a0\u00bbon\u00a0\u00bb button_letter_spacing__hover=\u00a0\u00bb0&Prime; button_one_letter_spacing__hover_enabled=\u00a0\u00bboff\u00a0\u00bb button_two_letter_spacing__hover_enabled=\u00a0\u00bboff\u00a0\u00bb button_bg_color__hover_enabled=\u00a0\u00bboff\u00a0\u00bb button_one_bg_color__hover_enabled=\u00a0\u00bboff\u00a0\u00bb button_two_bg_color__hover_enabled=\u00a0\u00bboff\u00a0\u00bb] [\/et_pb_button][et_pb_text admin_label=\u00a0\u00bbTexte &#8211; Adresse\u00a0\u00bb _builder_version=\u00a0\u00bb4.19.5&Prime; background_size=\u00a0\u00bbinitial\u00a0\u00bb background_position=\u00a0\u00bbtop_left\u00a0\u00bb background_repeat=\u00a0\u00bbrepeat\u00a0\u00bb text_font_size_tablet=\u00a0\u00bb14px\u00a0\u00bb text_font_size_phone=\u00a0\u00bb\u00a0\u00bb text_font_size_last_edited=\u00a0\u00bbon|phone\u00a0\u00bb use_border_color=\u00a0\u00bboff\u00a0\u00bb border_style=\u00a0\u00bbsolid\u00a0\u00bb global_colors_info=\u00a0\u00bb{}\u00a0\u00bb]<\/p>\n<h2>Adresse<\/h2>\n<p><strong>6 rue du Ch\u00e2teau<br \/>67380 LINGOLSHEIM<\/strong><\/p>\n<p><strong>21 avenue du G\u00e9n\u00e9ral De Gaulle<br \/><\/strong><strong>67190 MUTZIG<\/strong><\/p>\n<p>[\/et_pb_text][\/et_pb_column][et_pb_column type=\u00a0\u00bb1_2&Prime; _builder_version=\u00a0\u00bb4.16&Prime; custom_padding=\u00a0\u00bb|||\u00a0\u00bb global_colors_info=\u00a0\u00bb{}\u00a0\u00bb custom_padding__hover=\u00a0\u00bb|||\u00a0\u00bb][et_pb_text admin_label=\u00a0\u00bbTexte &#8211; Pr\u00e9sentation \u00a0\u00bb _builder_version=\u00a0\u00bb4.27.0&Prime; background_size=\u00a0\u00bbinitial\u00a0\u00bb background_position=\u00a0\u00bbtop_left\u00a0\u00bb background_repeat=\u00a0\u00bbrepeat\u00a0\u00bb text_font_size_tablet=\u00a0\u00bb14px\u00a0\u00bb text_font_size_phone=\u00a0\u00bb\u00a0\u00bb text_font_size_last_edited=\u00a0\u00bbon|phone\u00a0\u00bb header_line_height_tablet=\u00a0\u00bb1.2em\u00a0\u00bb header_line_height_phone=\u00a0\u00bb\u00a0\u00bb header_line_height_last_edited=\u00a0\u00bbon|phone\u00a0\u00bb use_border_color=\u00a0\u00bboff\u00a0\u00bb border_style=\u00a0\u00bbsolid\u00a0\u00bb global_colors_info=\u00a0\u00bb{}\u00a0\u00bb]<\/p>\n<h2>Pr\u00e9sentation<\/h2>\n<p class=\"p1\">Les Service d&rsquo;Accompagnement \u00e0 la Vie Sociale (SAVS) situ\u00e9s \u00e0 Lingolsheim et \u00e0 Mutzig interviennent sur les secteurs g\u00e9ographiques de l\u2019Eurom\u00e9tropole, de Molsheim et jusque dans la vall\u00e9e de Schirmeck.<\/p>\n<p class=\"p1\">Les SAVS accompagnent 80 personnes en situation de handicap dans la r\u00e9alisation de leur projet de vie en dispensant des actions \u00e9ducatives lors de visites \u00e0 domicile.<\/p>\n<p>[\/et_pb_text][\/et_pb_column][\/et_pb_row][et_pb_row column_structure=\u00a0\u00bb1_2,1_2&Prime; use_custom_gutter=\u00a0\u00bbon\u00a0\u00bb make_equal=\u00a0\u00bbon\u00a0\u00bb disabled_on=\u00a0\u00bbon|on|on\u00a0\u00bb admin_label=\u00a0\u00bbrow\u00a0\u00bb _builder_version=\u00a0\u00bb4.16&Prime; background_size=\u00a0\u00bbinitial\u00a0\u00bb background_position=\u00a0\u00bbtop_left\u00a0\u00bb background_repeat=\u00a0\u00bbrepeat\u00a0\u00bb custom_padding=\u00a0\u00bb0px|0px|0px|0px\u00a0\u00bb make_fullwidth=\u00a0\u00bboff\u00a0\u00bb use_custom_width=\u00a0\u00bboff\u00a0\u00bb width_unit=\u00a0\u00bboff\u00a0\u00bb disabled=\u00a0\u00bbon\u00a0\u00bb global_colors_info=\u00a0\u00bb{}\u00a0\u00bb][et_pb_column type=\u00a0\u00bb1_2&Prime; _builder_version=\u00a0\u00bb4.16&Prime; background_color=\u00a0\u00bbrgba(147,147,147,0.66)\u00a0\u00bb custom_padding=\u00a0\u00bb20px|28px|20px|24px\u00a0\u00bb global_colors_info=\u00a0\u00bb{}\u00a0\u00bb custom_padding__hover=\u00a0\u00bb|||\u00a0\u00bb][et_pb_blurb title=\u00a0\u00bbPublic accueilli\u00a0\u00bb use_icon=\u00a0\u00bbon\u00a0\u00bb font_icon=\u00a0\u00bb&#x55;||divi||400&Prime; icon_color=\u00a0\u00bb#ffffff\u00a0\u00bb icon_placement=\u00a0\u00bbleft\u00a0\u00bb admin_label=\u00a0\u00bbBlurb &#8211; Public Accueilli\u00a0\u00bb _builder_version=\u00a0\u00bb4.16&Prime; header_font=\u00a0\u00bb|on|||\u00a0\u00bb header_font_size=\u00a0\u00bb20px\u00a0\u00bb background_size=\u00a0\u00bbinitial\u00a0\u00bb background_position=\u00a0\u00bbtop_left\u00a0\u00bb background_repeat=\u00a0\u00bbrepeat\u00a0\u00bb background_layout=\u00a0\u00bbdark\u00a0\u00bb custom_margin=\u00a0\u00bb|||\u00a0\u00bb custom_padding=\u00a0\u00bb|||\u00a0\u00bb animation=\u00a0\u00bbright\u00a0\u00bb body_font_size_tablet=\u00a0\u00bb16px\u00a0\u00bb body_font_size_phone=\u00a0\u00bb\u00a0\u00bb body_font_size_last_edited=\u00a0\u00bbon|tablet\u00a0\u00bb use_border_color=\u00a0\u00bboff\u00a0\u00bb border_color=\u00a0\u00bb#ffffff\u00a0\u00bb border_width=\u00a0\u00bb1px\u00a0\u00bb border_style=\u00a0\u00bbsolid\u00a0\u00bb global_colors_info=\u00a0\u00bb{}\u00a0\u00bb]<\/p>\n<p class=\"p1\">Le SAVS accompagne des personnes en situation de handicap vivant en logement ordinaire (seules, en famille, en couple avec ou sans enfants) et d\u00e9sireuses d\u2019acqu\u00e9rir une plus grande autonomie dans leur vie quotidienne.<\/p>\n<p class=\"p1\">Il s\u2019adresse prioritairement aux personnes d\u00e9ficientes intellectuelles mais prononce aussi l\u2019admission d\u2019autres publics (personnes handicap\u00e9es par la maladie psychique, les traumatismes cr\u00e2niens\u2026).<\/p>\n<p>[\/et_pb_blurb][et_pb_blurb title=\u00a0\u00bbType de prise en charge\u00a0\u00bb use_icon=\u00a0\u00bbon\u00a0\u00bb font_icon=\u00a0\u00bb&#x5a;||divi||400&Prime; icon_color=\u00a0\u00bb#ffffff\u00a0\u00bb icon_placement=\u00a0\u00bbleft\u00a0\u00bb admin_label=\u00a0\u00bbBlurb &#8211; Type de prise en charge\u00a0\u00bb _builder_version=\u00a0\u00bb4.16&Prime; header_font=\u00a0\u00bb|on|||\u00a0\u00bb header_font_size=\u00a0\u00bb20px\u00a0\u00bb background_size=\u00a0\u00bbinitial\u00a0\u00bb background_position=\u00a0\u00bbtop_left\u00a0\u00bb background_repeat=\u00a0\u00bbrepeat\u00a0\u00bb background_layout=\u00a0\u00bbdark\u00a0\u00bb custom_margin=\u00a0\u00bb48px|||\u00a0\u00bb custom_padding=\u00a0\u00bb|||\u00a0\u00bb animation=\u00a0\u00bbright\u00a0\u00bb body_font_size_tablet=\u00a0\u00bb16px\u00a0\u00bb body_font_size_phone=\u00a0\u00bb\u00a0\u00bb body_font_size_last_edited=\u00a0\u00bbon|desktop\u00a0\u00bb use_border_color=\u00a0\u00bboff\u00a0\u00bb border_color=\u00a0\u00bb#ffffff\u00a0\u00bb border_width=\u00a0\u00bb1px\u00a0\u00bb border_style=\u00a0\u00bbsolid\u00a0\u00bb global_colors_info=\u00a0\u00bb{}\u00a0\u00bb]<\/p>\n<p class=\"p1\">Le SAVS propose une prise en charge individualis\u00e9e qui est d\u00e9clin\u00e9e par un professionnel r\u00e9f\u00e9rent en fonction du projet personnalis\u00e9 de chacun.<\/p>\n<p class=\"p1\">L\u2019essentiel des prestations sont d\u00e9livr\u00e9es sur le lieu de vie des personnes accompagn\u00e9es, et mobilisent un r\u00e9seau partenarial.<b> <\/b><\/p>\n<p class=\"p1\">Ces prestations couvrent principalement les domaines suivants\u00a0: la sant\u00e9, le logement, la cellule familiale, l\u2019administratif, le budget, les achats, les relations sociales, l\u2019emploi.<\/p>\n<p class=\"p1\">Le SAVS organise \u00e9galement des animations et des sorties.<\/p>\n<p>[\/et_pb_blurb][\/et_pb_column][et_pb_column type=\u00a0\u00bb1_2&Prime; _builder_version=\u00a0\u00bb4.16&Prime; background_color=\u00a0\u00bb#939393&Prime; custom_padding=\u00a0\u00bb20px|28px|20px|24px\u00a0\u00bb global_colors_info=\u00a0\u00bb{}\u00a0\u00bb custom_padding__hover=\u00a0\u00bb|||\u00a0\u00bb][et_pb_blurb title=\u00a0\u00bbNos engagements et objectifs\u00a0\u00bb use_icon=\u00a0\u00bbon\u00a0\u00bb font_icon=\u00a0\u00bb&#xe60f;||divi||400&Prime; icon_color=\u00a0\u00bb#ffffff\u00a0\u00bb icon_placement=\u00a0\u00bbleft\u00a0\u00bb admin_label=\u00a0\u00bbBlurb &#8211; Engagements et objectifs\u00a0\u00bb _builder_version=\u00a0\u00bb4.16&Prime; header_font=\u00a0\u00bb|on|||\u00a0\u00bb header_font_size=\u00a0\u00bb20px\u00a0\u00bb header_line_height=\u00a0\u00bb1.2em\u00a0\u00bb background_size=\u00a0\u00bbinitial\u00a0\u00bb background_position=\u00a0\u00bbtop_left\u00a0\u00bb background_repeat=\u00a0\u00bbrepeat\u00a0\u00bb background_layout=\u00a0\u00bbdark\u00a0\u00bb custom_margin=\u00a0\u00bb|||\u00a0\u00bb animation=\u00a0\u00bbright\u00a0\u00bb body_font_size_tablet=\u00a0\u00bb16px\u00a0\u00bb body_font_size_phone=\u00a0\u00bb\u00a0\u00bb body_font_size_last_edited=\u00a0\u00bbon|phone\u00a0\u00bb use_border_color=\u00a0\u00bboff\u00a0\u00bb border_color=\u00a0\u00bb#ffffff\u00a0\u00bb border_width=\u00a0\u00bb1px\u00a0\u00bb border_style=\u00a0\u00bbsolid\u00a0\u00bb global_colors_info=\u00a0\u00bb{}\u00a0\u00bb]<\/p>\n<p class=\"p1\">Le SAVS, \u00e0 travers chaque projet personnalis\u00e9 construit avec l\u2019usager, a pour objectif de\u00a0:<\/p>\n<ul class=\"ul1\">\n<li class=\"li1\">D\u00e9velopper les comp\u00e9tences sociales et l\u2019autonomie dans la gestion de la vie quotidienne.<\/li>\n<li class=\"li1\">D\u00e9velopper l\u2019acc\u00e8s aux soins, \u00e0 la culture, aux loisirs, aux sports et \u00e0 l\u2019ensemble des dispositifs de droit commun.<\/li>\n<li class=\"li1\">Valoriser la citoyennet\u00e9, les droits et l\u2019int\u00e9gration dans la cit\u00e9.<\/li>\n<li class=\"li1\">Animer des dispositifs passerelle vers le milieu ordinaire (appartements relais).<\/li>\n<li class=\"li1\">Mobiliser les partenaires de l\u2019accompagnement pour mettre en place des relais et pr\u00e9parer les personnes \u00e0 vivre de mani\u00e8re autonome, sans l\u2019aide du SAVS.<\/li>\n<\/ul>\n<p>[\/et_pb_blurb][\/et_pb_column][\/et_pb_row][et_pb_row column_structure=\u00a0\u00bb1_4,3_4&Prime; disabled_on=\u00a0\u00bbon|on|on\u00a0\u00bb admin_label=\u00a0\u00bbLigne\u00a0\u00bb _builder_version=\u00a0\u00bb4.16&Prime; background_size=\u00a0\u00bbinitial\u00a0\u00bb background_position=\u00a0\u00bbtop_left\u00a0\u00bb background_repeat=\u00a0\u00bbrepeat\u00a0\u00bb custom_padding=\u00a0\u00bb20px|0px|20px|0px\u00a0\u00bb make_fullwidth=\u00a0\u00bboff\u00a0\u00bb use_custom_width=\u00a0\u00bboff\u00a0\u00bb width_unit=\u00a0\u00bboff\u00a0\u00bb disabled=\u00a0\u00bbon\u00a0\u00bb global_colors_info=\u00a0\u00bb{}\u00a0\u00bb][et_pb_column type=\u00a0\u00bb1_4&Prime; _builder_version=\u00a0\u00bb4.16&Prime; custom_padding=\u00a0\u00bb|||\u00a0\u00bb global_colors_info=\u00a0\u00bb{}\u00a0\u00bb custom_padding__hover=\u00a0\u00bb|||\u00a0\u00bb][et_pb_blurb title=\u00a0\u00bbModalit\u00e9s d\u2019admission\u00a0\u00bb use_icon=\u00a0\u00bbon\u00a0\u00bb font_icon=\u00a0\u00bb&#x6c;||divi||400&Prime; icon_color=\u00a0\u00bb#a8a8a8&Prime; icon_placement=\u00a0\u00bbleft\u00a0\u00bb image_icon_width=\u00a0\u00bb46px\u00a0\u00bb admin_label=\u00a0\u00bbBlurb &#8211; Modalit\u00e9s d&rsquo;admission\u00a0\u00bb _builder_version=\u00a0\u00bb4.16&Prime; header_font=\u00a0\u00bb|on|||\u00a0\u00bb header_text_color=\u00a0\u00bb#a8a8a8&Prime; header_font_size=\u00a0\u00bb24px\u00a0\u00bb body_text_color=\u00a0\u00bb#a8a8a8&Prime; background_size=\u00a0\u00bbinitial\u00a0\u00bb background_position=\u00a0\u00bbtop_left\u00a0\u00bb background_repeat=\u00a0\u00bbrepeat\u00a0\u00bb background_layout=\u00a0\u00bbdark\u00a0\u00bb animation=\u00a0\u00bbright\u00a0\u00bb use_border_color=\u00a0\u00bboff\u00a0\u00bb border_color=\u00a0\u00bb#ffffff\u00a0\u00bb border_width=\u00a0\u00bb1px\u00a0\u00bb border_style=\u00a0\u00bbsolid\u00a0\u00bb icon_font_size=\u00a0\u00bb46px\u00a0\u00bb global_colors_info=\u00a0\u00bb{}\u00a0\u00bb] [\/et_pb_blurb][\/et_pb_column][et_pb_column type=\u00a0\u00bb3_4&Prime; _builder_version=\u00a0\u00bb4.16&Prime; custom_padding=\u00a0\u00bb|28px||24px\u00a0\u00bb global_colors_info=\u00a0\u00bb{}\u00a0\u00bb custom_padding__hover=\u00a0\u00bb|||\u00a0\u00bb][et_pb_text admin_label=\u00a0\u00bbTexte &#8211; Modalit\u00e9s d&rsquo;admission\u00a0\u00bb _builder_version=\u00a0\u00bb4.16&Prime; background_size=\u00a0\u00bbinitial\u00a0\u00bb background_position=\u00a0\u00bbtop_left\u00a0\u00bb background_repeat=\u00a0\u00bbrepeat\u00a0\u00bb text_font_size_tablet=\u00a0\u00bb16px\u00a0\u00bb text_font_size_phone=\u00a0\u00bb\u00a0\u00bb text_font_size_last_edited=\u00a0\u00bbon|tablet\u00a0\u00bb use_border_color=\u00a0\u00bboff\u00a0\u00bb border_style=\u00a0\u00bbsolid\u00a0\u00bb global_colors_info=\u00a0\u00bb{}\u00a0\u00bb]<\/p>\n<p class=\"p1\">Les personnes souhaitant \u00eatre suivies par le service doivent b\u00e9n\u00e9ficier d\u2019une orientation de la Commission des Droits et de l\u2019Autonomie des Personnes Handicap\u00e9es (CDAPH).<\/p>\n<p class=\"p1\">Toute demande d\u2019admission doit \u00eatre adress\u00e9e par courrier ou par mail<span class=\"Apple-converted-space\">\u00a0 <\/span>\u00e0 la directrice du SAVS qui proposera un premier entretien au cours duquel seront recens\u00e9s les besoins et attentes de la personne afin de v\u00e9rifier leur ad\u00e9quation avec les prestations rendues par le service.<\/p>\n<p>[\/et_pb_text][\/et_pb_column][\/et_pb_row][et_pb_row admin_label=\u00a0\u00bbLigne\u00a0\u00bb _builder_version=\u00a0\u00bb4.16&Prime; background_size=\u00a0\u00bbinitial\u00a0\u00bb background_position=\u00a0\u00bbtop_left\u00a0\u00bb background_repeat=\u00a0\u00bbrepeat\u00a0\u00bb global_colors_info=\u00a0\u00bb{}\u00a0\u00bb][et_pb_column type=\u00a0\u00bb4_4&Prime; _builder_version=\u00a0\u00bb4.16&Prime; custom_padding=\u00a0\u00bb|||\u00a0\u00bb global_colors_info=\u00a0\u00bb{}\u00a0\u00bb custom_padding__hover=\u00a0\u00bb|||\u00a0\u00bb][et_pb_toggle title=\u00a0\u00bbPublic accueilli\u00a0\u00bb admin_label=\u00a0\u00bbBascule\u00a0\u00bb _builder_version=\u00a0\u00bb4.16&Prime; background_size=\u00a0\u00bbinitial\u00a0\u00bb background_position=\u00a0\u00bbtop_left\u00a0\u00bb background_repeat=\u00a0\u00bbrepeat\u00a0\u00bb use_border_color=\u00a0\u00bboff\u00a0\u00bb border_color=\u00a0\u00bb#ffffff\u00a0\u00bb border_style=\u00a0\u00bbsolid\u00a0\u00bb global_colors_info=\u00a0\u00bb{}\u00a0\u00bb]<\/p>\n<p class=\"p1\">Le SAVS accompagne des personnes en situation de handicap vivant en logement ordinaire (seules, en famille, en couple avec ou sans enfants) et d\u00e9sireuses d\u2019acqu\u00e9rir une plus grande autonomie dans leur vie quotidienne.<\/p>\n<p class=\"p1\">Il s\u2019adresse prioritairement aux personnes d\u00e9ficientes intellectuelles mais prononce aussi l\u2019admission d\u2019autres publics (personnes handicap\u00e9es par la maladie psychique, les traumatismes cr\u00e2niens\u2026).<\/p>\n<p>[\/et_pb_toggle][et_pb_toggle title=\u00a0\u00bbType de prise en charge\u00a0\u00bb admin_label=\u00a0\u00bbBascule\u00a0\u00bb _builder_version=\u00a0\u00bb4.16&Prime; background_size=\u00a0\u00bbinitial\u00a0\u00bb background_position=\u00a0\u00bbtop_left\u00a0\u00bb background_repeat=\u00a0\u00bbrepeat\u00a0\u00bb use_border_color=\u00a0\u00bboff\u00a0\u00bb border_color=\u00a0\u00bb#ffffff\u00a0\u00bb border_style=\u00a0\u00bbsolid\u00a0\u00bb global_colors_info=\u00a0\u00bb{}\u00a0\u00bb]<\/p>\n<p class=\"p1\">Le SAVS propose une prise en charge individualis\u00e9e qui est d\u00e9clin\u00e9e par un professionnel r\u00e9f\u00e9rent en fonction du projet personnalis\u00e9 de chacun.<\/p>\n<p class=\"p1\">L\u2019essentiel des prestations sont d\u00e9livr\u00e9es sur le lieu de vie des personnes accompagn\u00e9es, et mobilisent un r\u00e9seau partenarial.<b><\/b><\/p>\n<p class=\"p1\">Ces prestations couvrent principalement les domaines suivants\u00a0: la sant\u00e9, le logement, la cellule familiale, l\u2019administratif, le budget, les achats, les relations sociales, l\u2019emploi.<\/p>\n<p class=\"p1\">Le SAVS organise \u00e9galement des animations et des sorties.<\/p>\n<p>[\/et_pb_toggle][et_pb_toggle title=\u00a0\u00bbNos engagements et objectifs\u00a0\u00bb admin_label=\u00a0\u00bbBascule\u00a0\u00bb _builder_version=\u00a0\u00bb4.16&Prime; background_size=\u00a0\u00bbinitial\u00a0\u00bb background_position=\u00a0\u00bbtop_left\u00a0\u00bb background_repeat=\u00a0\u00bbrepeat\u00a0\u00bb use_border_color=\u00a0\u00bboff\u00a0\u00bb border_color=\u00a0\u00bb#ffffff\u00a0\u00bb border_style=\u00a0\u00bbsolid\u00a0\u00bb global_colors_info=\u00a0\u00bb{}\u00a0\u00bb]<\/p>\n<p class=\"p1\">Le SAVS, \u00e0 travers chaque projet personnalis\u00e9 construit avec l\u2019usager, a pour objectif de\u00a0:<\/p>\n<ul class=\"ul1\">\n<li class=\"li1\">D\u00e9velopper les comp\u00e9tences sociales et l\u2019autonomie dans la gestion de la vie quotidienne.<\/li>\n<li class=\"li1\">D\u00e9velopper l\u2019acc\u00e8s aux soins, \u00e0 la culture, aux loisirs, aux sports et \u00e0 l\u2019ensemble des dispositifs de droit commun.<\/li>\n<li class=\"li1\">Valoriser la citoyennet\u00e9, les droits et l\u2019int\u00e9gration dans la cit\u00e9.<\/li>\n<li class=\"li1\">Animer des dispositifs passerelle vers le milieu ordinaire (appartements relais).<\/li>\n<li class=\"li1\">Mobiliser les partenaires de l\u2019accompagnement pour mettre en place des relais et pr\u00e9parer les personnes \u00e0 vivre de mani\u00e8re autonome, sans l\u2019aide du SAVS.<\/li>\n<\/ul>\n<p>[\/et_pb_toggle][et_pb_toggle title=\u00a0\u00bbModalit\u00e9s d&rsquo;admission\u00a0\u00bb admin_label=\u00a0\u00bbBascule\u00a0\u00bb _builder_version=\u00a0\u00bb4.16&Prime; background_size=\u00a0\u00bbinitial\u00a0\u00bb background_position=\u00a0\u00bbtop_left\u00a0\u00bb background_repeat=\u00a0\u00bbrepeat\u00a0\u00bb use_border_color=\u00a0\u00bboff\u00a0\u00bb border_color=\u00a0\u00bb#ffffff\u00a0\u00bb border_style=\u00a0\u00bbsolid\u00a0\u00bb global_colors_info=\u00a0\u00bb{}\u00a0\u00bb]<\/p>\n<p class=\"p1\">Les personnes souhaitant \u00eatre suivies par le service doivent b\u00e9n\u00e9ficier d\u2019une orientation de la Commission des Droits et de l\u2019Autonomie des Personnes Handicap\u00e9es (CDAPH).<\/p>\n<p class=\"p1\">Toute demande d\u2019admission doit \u00eatre adress\u00e9e par courrier ou par mail<span class=\"Apple-converted-space\">\u00a0 <\/span>\u00e0 la directrice du SAVS qui proposera un premier entretien au cours duquel seront recens\u00e9s les besoins et attentes de la personne afin de v\u00e9rifier leur ad\u00e9quation avec les prestations rendues par le service.<\/p>\n<p>[\/et_pb_toggle][\/et_pb_column][\/et_pb_row][\/et_pb_section]<\/p>\n","protected":false},"excerpt":{"rendered":"<p>&gt; Adultes entre 20 et 60 ans pr\u00e9sentant un handicap mental psychique Contact Directrice H\u00e9bergement et Accompagnement : V\u00e9ronique GIOTDirectrice D\u00e9l\u00e9gu\u00e9e H\u00e9bergement et Accompagnement : V\u00e9ronique GAUGUET Cheffe de service SAVS Lingolsheim : Sophie FEGACheffe de service SAVS Mutzig : Nathalie ALMEIDAAdministratrice R\u00e9f\u00e9rente : Maria ROYONT\u00e9l. 03 88 77 54 55 Adresse 6 rue du [&hellip;]<\/p>\n","protected":false},"author":1,"featured_media":0,"comment_status":"open","ping_status":"open","sticky":false,"template":"","format":"standard","meta":{"_et_pb_use_builder":"on","_et_pb_old_content":"","_et_gb_content_width":"","footnotes":""},"categories":[9,23,42],"tags":[],"class_list":["post-1182","post","type-post","status-publish","format-standard","hentry","category-nord-alsace","category-pole-hebergement-et-services","category-savs"],"yoast_head":"<!-- This site is optimized with the Yoast SEO plugin v28.4 - https:\/\/yoast.com\/product\/yoast-seo-wordpress\/ -->\n<title>SAVS - Service d&#039;Accompagnement \u00e0 la Vie Sociale -Lingolsheim et Mutzig - Adapei Papillons Blancs d&#039;Alsace<\/title>\n<meta name=\"robots\" content=\"index, follow, max-snippet:-1, max-image-preview:large, max-video-preview:-1\" \/>\n<link rel=\"canonical\" href=\"https:\/\/adapeipapillonsblancs.alsace\/index.php\/2017\/03\/31\/savs-secteur-bas-rhin\/\" \/>\n<meta property=\"og:locale\" content=\"fr_FR\" \/>\n<meta property=\"og:type\" content=\"article\" \/>\n<meta property=\"og:title\" content=\"SAVS - Service d&#039;Accompagnement \u00e0 la Vie Sociale -Lingolsheim et Mutzig - Adapei Papillons Blancs d&#039;Alsace\" \/>\n<meta property=\"og:description\" content=\"&gt; Adultes entre 20 et 60 ans pr\u00e9sentant un handicap mental psychique Contact Directrice H\u00e9bergement et Accompagnement : V\u00e9ronique GIOTDirectrice D\u00e9l\u00e9gu\u00e9e H\u00e9bergement et Accompagnement : V\u00e9ronique GAUGUET Cheffe de service SAVS Lingolsheim : Sophie FEGACheffe de service SAVS Mutzig : Nathalie ALMEIDAAdministratrice R\u00e9f\u00e9rente : Maria ROYONT\u00e9l. 03 88 77 54 55 Adresse 6 rue du [&hellip;]\" \/>\n<meta property=\"og:url\" content=\"https:\/\/adapeipapillonsblancs.alsace\/index.php\/2017\/03\/31\/savs-secteur-bas-rhin\/\" \/>\n<meta property=\"og:site_name\" content=\"Adapei Papillons Blancs d&#039;Alsace\" \/>\n<meta property=\"article:published_time\" content=\"2017-03-31T16:15:50+00:00\" \/>\n<meta property=\"article:modified_time\" content=\"2024-09-19T07:09:29+00:00\" \/>\n<meta name=\"author\" content=\"APBA_Admin\" \/>\n<meta name=\"twitter:card\" content=\"summary_large_image\" \/>\n<meta name=\"twitter:label1\" content=\"\u00c9crit par\" \/>\n\t<meta name=\"twitter:data1\" content=\"APBA_Admin\" \/>\n\t<meta name=\"twitter:label2\" content=\"Dur\u00e9e de lecture estim\u00e9e\" \/>\n\t<meta name=\"twitter:data2\" content=\"3 minutes\" \/>\n<!-- \/ Yoast SEO plugin. -->","yoast_head_json":{"title":"SAVS - Service d'Accompagnement \u00e0 la Vie Sociale -Lingolsheim et Mutzig - Adapei Papillons Blancs d&#039;Alsace","robots":{"index":"index","follow":"follow","max-snippet":"max-snippet:-1","max-image-preview":"max-image-preview:large","max-video-preview":"max-video-preview:-1"},"canonical":"https:\/\/adapeipapillonsblancs.alsace\/index.php\/2017\/03\/31\/savs-secteur-bas-rhin\/","og_locale":"fr_FR","og_type":"article","og_title":"SAVS - Service d'Accompagnement \u00e0 la Vie Sociale -Lingolsheim et Mutzig - Adapei Papillons Blancs d&#039;Alsace","og_description":"&gt; Adultes entre 20 et 60 ans pr\u00e9sentant un handicap mental psychique Contact Directrice H\u00e9bergement et Accompagnement : V\u00e9ronique GIOTDirectrice D\u00e9l\u00e9gu\u00e9e H\u00e9bergement et Accompagnement : V\u00e9ronique GAUGUET Cheffe de service SAVS Lingolsheim : Sophie FEGACheffe de service SAVS Mutzig : Nathalie ALMEIDAAdministratrice R\u00e9f\u00e9rente : Maria ROYONT\u00e9l. 03 88 77 54 55 Adresse 6 rue du [&hellip;]","og_url":"https:\/\/adapeipapillonsblancs.alsace\/index.php\/2017\/03\/31\/savs-secteur-bas-rhin\/","og_site_name":"Adapei Papillons Blancs d&#039;Alsace","article_published_time":"2017-03-31T16:15:50+00:00","article_modified_time":"2024-09-19T07:09:29+00:00","author":"APBA_Admin","twitter_card":"summary_large_image","twitter_misc":{"\u00c9crit par":"APBA_Admin","Dur\u00e9e de lecture estim\u00e9e":"3 minutes"},"schema":{"@context":"https:\/\/schema.org","@graph":[{"@type":"Article","@id":"https:\/\/adapeipapillonsblancs.alsace\/index.php\/2017\/03\/31\/savs-secteur-bas-rhin\/#article","isPartOf":{"@id":"https:\/\/adapeipapillonsblancs.alsace\/index.php\/2017\/03\/31\/savs-secteur-bas-rhin\/"},"author":{"name":"APBA_Admin","@id":"https:\/\/adapeipapillonsblancs.alsace\/#\/schema\/person\/ed34171a9b1882f95d3f84f797aadc82"},"headline":"SAVS &#8211; Service d&rsquo;Accompagnement \u00e0 la Vie Sociale -Lingolsheim et Mutzig","datePublished":"2017-03-31T16:15:50+00:00","dateModified":"2024-09-19T07:09:29+00:00","mainEntityOfPage":{"@id":"https:\/\/adapeipapillonsblancs.alsace\/index.php\/2017\/03\/31\/savs-secteur-bas-rhin\/"},"wordCount":2594,"commentCount":0,"articleSection":["Alsace Nord","P\u00f4le H\u00e9bergement et Accompagnement","SAVS"],"inLanguage":"fr-FR","potentialAction":[{"@type":"CommentAction","name":"Comment","target":["https:\/\/adapeipapillonsblancs.alsace\/index.php\/2017\/03\/31\/savs-secteur-bas-rhin\/#respond"]}]},{"@type":"WebPage","@id":"https:\/\/adapeipapillonsblancs.alsace\/index.php\/2017\/03\/31\/savs-secteur-bas-rhin\/","url":"https:\/\/adapeipapillonsblancs.alsace\/index.php\/2017\/03\/31\/savs-secteur-bas-rhin\/","name":"SAVS - Service d'Accompagnement \u00e0 la Vie Sociale -Lingolsheim et Mutzig - Adapei Papillons Blancs d&#039;Alsace","isPartOf":{"@id":"https:\/\/adapeipapillonsblancs.alsace\/#website"},"datePublished":"2017-03-31T16:15:50+00:00","dateModified":"2024-09-19T07:09:29+00:00","author":{"@id":"https:\/\/adapeipapillonsblancs.alsace\/#\/schema\/person\/ed34171a9b1882f95d3f84f797aadc82"},"breadcrumb":{"@id":"https:\/\/adapeipapillonsblancs.alsace\/index.php\/2017\/03\/31\/savs-secteur-bas-rhin\/#breadcrumb"},"inLanguage":"fr-FR","potentialAction":[{"@type":"ReadAction","target":["https:\/\/adapeipapillonsblancs.alsace\/index.php\/2017\/03\/31\/savs-secteur-bas-rhin\/"]}]},{"@type":"BreadcrumbList","@id":"https:\/\/adapeipapillonsblancs.alsace\/index.php\/2017\/03\/31\/savs-secteur-bas-rhin\/#breadcrumb","itemListElement":[{"@type":"ListItem","position":1,"name":"Accueil","item":"https:\/\/adapeipapillonsblancs.alsace\/"},{"@type":"ListItem","position":2,"name":"SAVS &#8211; Service d&#8217;Accompagnement \u00e0 la Vie Sociale -Lingolsheim et Mutzig"}]},{"@type":"WebSite","@id":"https:\/\/adapeipapillonsblancs.alsace\/#website","url":"https:\/\/adapeipapillonsblancs.alsace\/","name":"Adapei Papillons Blancs d&#039;Alsace","description":"Ensemble, plus loin, plus fort !","potentialAction":[{"@type":"SearchAction","target":{"@type":"EntryPoint","urlTemplate":"https:\/\/adapeipapillonsblancs.alsace\/?s={search_term_string}"},"query-input":{"@type":"PropertyValueSpecification","valueRequired":true,"valueName":"search_term_string"}}],"inLanguage":"fr-FR"},{"@type":"Person","@id":"https:\/\/adapeipapillonsblancs.alsace\/#\/schema\/person\/ed34171a9b1882f95d3f84f797aadc82","name":"APBA_Admin","image":{"@type":"ImageObject","inLanguage":"fr-FR","@id":"https:\/\/secure.gravatar.com\/avatar\/3be690d82ef8d1aebcdc03ccd329a9f5522a42e27d7b0409920c18ff0bc3f3ec?s=96&d=mm&r=g","url":"https:\/\/secure.gravatar.com\/avatar\/3be690d82ef8d1aebcdc03ccd329a9f5522a42e27d7b0409920c18ff0bc3f3ec?s=96&d=mm&r=g","contentUrl":"https:\/\/secure.gravatar.com\/avatar\/3be690d82ef8d1aebcdc03ccd329a9f5522a42e27d7b0409920c18ff0bc3f3ec?s=96&d=mm&r=g","caption":"APBA_Admin"},"url":"https:\/\/adapeipapillonsblancs.alsace\/index.php\/author\/apba_admin\/"}]}},"_links":{"self":[{"href":"https:\/\/adapeipapillonsblancs.alsace\/index.php\/wp-json\/wp\/v2\/posts\/1182","targetHints":{"allow":["GET"]}}],"collection":[{"href":"https:\/\/adapeipapillonsblancs.alsace\/index.php\/wp-json\/wp\/v2\/posts"}],"about":[{"href":"https:\/\/adapeipapillonsblancs.alsace\/index.php\/wp-json\/wp\/v2\/types\/post"}],"author":[{"embeddable":true,"href":"https:\/\/adapeipapillonsblancs.alsace\/index.php\/wp-json\/wp\/v2\/users\/1"}],"replies":[{"embeddable":true,"href":"https:\/\/adapeipapillonsblancs.alsace\/index.php\/wp-json\/wp\/v2\/comments?post=1182"}],"version-history":[{"count":0,"href":"https:\/\/adapeipapillonsblancs.alsace\/index.php\/wp-json\/wp\/v2\/posts\/1182\/revisions"}],"wp:attachment":[{"href":"https:\/\/adapeipapillonsblancs.alsace\/index.php\/wp-json\/wp\/v2\/media?parent=1182"}],"wp:term":[{"taxonomy":"category","embeddable":true,"href":"https:\/\/adapeipapillonsblancs.alsace\/index.php\/wp-json\/wp\/v2\/categories?post=1182"},{"taxonomy":"post_tag","embeddable":true,"href":"https:\/\/adapeipapillonsblancs.alsace\/index.php\/wp-json\/wp\/v2\/tags?post=1182"}],"curies":[{"name":"wp","href":"https:\/\/api.w.org\/{rel}","templated":true}]}}