{"id":20910,"date":"2024-01-25T08:58:15","date_gmt":"2024-01-25T07:58:15","guid":{"rendered":"https:\/\/adapeipapillonsblancs.alsace\/?p=20910"},"modified":"2026-07-06T08:08:21","modified_gmt":"2026-07-06T06:08:21","slug":"le-felsbourg-ouvre-ses-portes-4","status":"publish","type":"post","link":"https:\/\/adapeipapillonsblancs.alsace\/index.php\/2024\/01\/25\/le-felsbourg-ouvre-ses-portes-4\/","title":{"rendered":"Le Felsbourg ouvre ses portes"},"content":{"rendered":"<p>[et_pb_section fb_built=\u00a0\u00bb1&Prime; _builder_version=\u00a0\u00bb4.16&Prime; _module_preset=\u00a0\u00bbdefault\u00a0\u00bb global_colors_info=\u00a0\u00bb{}\u00a0\u00bb][et_pb_row column_structure=\u00a0\u00bb1_2,1_2&Prime; _builder_version=\u00a0\u00bb4.16&Prime; _module_preset=\u00a0\u00bbdefault\u00a0\u00bb global_colors_info=\u00a0\u00bb{}\u00a0\u00bb][et_pb_column type=\u00a0\u00bb1_2&Prime; _builder_version=\u00a0\u00bb4.16&Prime; _module_preset=\u00a0\u00bbdefault\u00a0\u00bb global_colors_info=\u00a0\u00bb{}\u00a0\u00bb][et_pb_text _builder_version=\u00a0\u00bb4.27.6&Prime; _module_preset=\u00a0\u00bbdefault\u00a0\u00bb hover_enabled=\u00a0\u00bb0&Prime; global_colors_info=\u00a0\u00bb{}\u00a0\u00bb sticky_enabled=\u00a0\u00bb0&Prime;]<\/p>\n<p>Le Felsbourg, restaurant \u00e9ph\u00e9m\u00e8re, vous propose:<\/p>\n<p><strong>Menu Buffel&rsquo;s <\/strong>:<\/p>\n<div class=\"pagelayout-content\">\n<div id=\"ctl00_PlaceHolderMain_ctl05__ControlWrapper_RichHtmlField\" class=\"ms-rtestate-field\" aria-labelledby=\"ctl00_PlaceHolderMain_ctl05_label\">\n<div class=\"x11i5rnm xat24cr x1mh8g0r x1vvkbs xtlvy1s\">\n<ul>\n<li class=\"xdj266r x14z9mp xat24cr x1lziwak x1vvkbs\">Rillette de poulet r\u00f4ti maison,<\/li>\n<li class=\"xdj266r x14z9mp xat24cr x1lziwak x1vvkbs\">Oeuf mayo,<\/li>\n<li class=\"xdj266r x14z9mp xat24cr x1lziwak x1vvkbs\">Brochette de tomates cerises,<\/li>\n<li class=\"xdj266r x14z9mp xat24cr x1lziwak x1vvkbs\">Fritot de poulet,<\/li>\n<li class=\"xdj266r x14z9mp xat24cr x1lziwak x1vvkbs\">Langue de boeuf,<\/li>\n<li class=\"xdj266r x14z9mp xat24cr x1lziwak x1vvkbs\">Assortiment de sauces,<\/li>\n<li class=\"xdj266r x14z9mp xat24cr x1lziwak x1vvkbs\">Frites fra\u00eeches,<\/li>\n<li class=\"xdj266r x14z9mp xat24cr x1lziwak x1vvkbs\">Crudit\u00e9s.<\/li>\n<li class=\"x14z9mp xat24cr x1lziwak x1vvkbs xtlvy1s\">Soupe de melon anis\u00e9e,<\/li>\n<li class=\"x14z9mp xat24cr x1lziwak x1vvkbs xtlvy1s\">Boule de glace,<\/li>\n<li class=\"x14z9mp xat24cr x1lziwak x1vvkbs xtlvy1s\">Tarte.<\/li>\n<\/ul>\n<\/div>\n<div>Tarif : 18,50\u20ac (hors boissons)<br \/>Paiement par carte bancaire ou esp\u00e8ces.<br \/><strong><br \/>Sur r\u00e9servation uniquement<\/strong> : 03.88.48.23.27<br \/>ou par mail : <a href=\"mailto:esat.duttlenheim@adapeipapillonsblancs.alsace\">dre@adapeipapillonsblancs.alsace<\/a><\/div>\n<\/div>\n<\/div>\n<p>&nbsp;<\/p>\n<p><strong>Le Felsbourg :<\/strong><\/p>\n<p>Situ\u00e9e \u00e0 Mutzig dans l&rsquo;ancien H\u00f4tel-restaurant, le Felsbourg est une cuisine d&rsquo;application pour les personnes en situation de handicap. Sur deux jours, elles acqui\u00e8rent des comp\u00e9tences en cuisine mais aussi au service.<br \/>A l&rsquo;issue de cette formation, les lieux se transforment en un restaurant \u00ab\u00a0\u00e9ph\u00e9m\u00e8re\u00a0\u00bb.<\/p>\n<p>&nbsp;<\/p>\n<p>&nbsp;<\/p>\n<p>[\/et_pb_text][\/et_pb_column][et_pb_column type=\u00a0\u00bb1_2&Prime; _builder_version=\u00a0\u00bb4.16&Prime; _module_preset=\u00a0\u00bbdefault\u00a0\u00bb global_colors_info=\u00a0\u00bb{}\u00a0\u00bb][et_pb_image src=\u00a0\u00bbhttps:\/\/adapeipapillonsblancs.alsace\/wp-content\/uploads\/2026\/07\/felsbourg16-23-juillet.jpg\u00a0\u00bb title_text=\u00a0\u00bbfelsbourg16-23 juillet\u00a0\u00bb _builder_version=\u00a0\u00bb4.27.6&Prime; _module_preset=\u00a0\u00bbdefault\u00a0\u00bb hover_enabled=\u00a0\u00bb0&Prime; global_colors_info=\u00a0\u00bb{}\u00a0\u00bb sticky_enabled=\u00a0\u00bb0&Prime;][\/et_pb_image][\/et_pb_column][\/et_pb_row][\/et_pb_section]<\/p>\n","protected":false},"excerpt":{"rendered":"<p>Le Felsbourg, restaurant \u00e9ph\u00e9m\u00e8re, vous propose: Menu Buffel&rsquo;s : Rillette de poulet r\u00f4ti maison, Oeuf mayo, Brochette de tomates cerises, Fritot de poulet, Langue de boeuf, Assortiment de sauces, Frites fra\u00eeches, Crudit\u00e9s. Soupe de melon anis\u00e9e, Boule de glace, Tarte. Tarif : 18,50\u20ac (hors boissons)Paiement par carte bancaire ou esp\u00e8ces.Sur r\u00e9servation uniquement : 03.88.48.23.27ou par [&hellip;]<\/p>\n","protected":false},"author":12,"featured_media":0,"comment_status":"open","ping_status":"open","sticky":false,"template":"","format":"standard","meta":{"_et_pb_use_builder":"on","_et_pb_old_content":"","_et_gb_content_width":"2880","footnotes":""},"categories":[50],"tags":[],"class_list":["post-20910","post","type-post","status-publish","format-standard","hentry","category-adapei-papillons-blancs-dalsace"],"yoast_head":"<!-- This site is optimized with the Yoast SEO plugin v28.4 - https:\/\/yoast.com\/product\/yoast-seo-wordpress\/ -->\n<title>Le Felsbourg ouvre ses portes - Adapei Papillons Blancs d&#039;Alsace<\/title>\n<meta name=\"robots\" content=\"index, follow, max-snippet:-1, max-image-preview:large, max-video-preview:-1\" \/>\n<link rel=\"canonical\" href=\"https:\/\/adapeipapillonsblancs.alsace\/index.php\/2024\/01\/25\/le-felsbourg-ouvre-ses-portes-4\/\" \/>\n<meta property=\"og:locale\" content=\"fr_FR\" \/>\n<meta property=\"og:type\" content=\"article\" \/>\n<meta property=\"og:title\" content=\"Le Felsbourg ouvre ses portes - Adapei Papillons Blancs d&#039;Alsace\" \/>\n<meta property=\"og:description\" content=\"Le Felsbourg, restaurant \u00e9ph\u00e9m\u00e8re, vous propose: Menu Buffel&#039;s : Rillette de poulet r\u00f4ti maison, Oeuf mayo, Brochette de tomates cerises, Fritot de poulet, Langue de boeuf, Assortiment de sauces, Frites fra\u00eeches, Crudit\u00e9s. Soupe de melon anis\u00e9e, Boule de glace, Tarte. Tarif : 18,50\u20ac (hors boissons)Paiement par carte bancaire ou esp\u00e8ces.Sur r\u00e9servation uniquement : 03.88.48.23.27ou par [&hellip;]\" \/>\n<meta property=\"og:url\" content=\"https:\/\/adapeipapillonsblancs.alsace\/index.php\/2024\/01\/25\/le-felsbourg-ouvre-ses-portes-4\/\" \/>\n<meta property=\"og:site_name\" content=\"Adapei Papillons Blancs d&#039;Alsace\" \/>\n<meta property=\"article:published_time\" content=\"2024-01-25T07:58:15+00:00\" \/>\n<meta property=\"article:modified_time\" content=\"2026-07-06T06:08:21+00:00\" \/>\n<meta name=\"author\" content=\"Kathia HAAS\" \/>\n<meta name=\"twitter:card\" content=\"summary_large_image\" \/>\n<meta name=\"twitter:label1\" content=\"\u00c9crit par\" \/>\n\t<meta name=\"twitter:data1\" content=\"Kathia HAAS\" \/>\n\t<meta name=\"twitter:label2\" content=\"Dur\u00e9e de lecture estim\u00e9e\" \/>\n\t<meta name=\"twitter:data2\" content=\"1 minute\" \/>\n<!-- \/ Yoast SEO plugin. -->","yoast_head_json":{"title":"Le Felsbourg ouvre ses portes - Adapei Papillons Blancs d&#039;Alsace","robots":{"index":"index","follow":"follow","max-snippet":"max-snippet:-1","max-image-preview":"max-image-preview:large","max-video-preview":"max-video-preview:-1"},"canonical":"https:\/\/adapeipapillonsblancs.alsace\/index.php\/2024\/01\/25\/le-felsbourg-ouvre-ses-portes-4\/","og_locale":"fr_FR","og_type":"article","og_title":"Le Felsbourg ouvre ses portes - Adapei Papillons Blancs d&#039;Alsace","og_description":"Le Felsbourg, restaurant \u00e9ph\u00e9m\u00e8re, vous propose: Menu Buffel's : Rillette de poulet r\u00f4ti maison, Oeuf mayo, Brochette de tomates cerises, Fritot de poulet, Langue de boeuf, Assortiment de sauces, Frites fra\u00eeches, Crudit\u00e9s. Soupe de melon anis\u00e9e, Boule de glace, Tarte. Tarif : 18,50\u20ac (hors boissons)Paiement par carte bancaire ou esp\u00e8ces.Sur r\u00e9servation uniquement : 03.88.48.23.27ou par [&hellip;]","og_url":"https:\/\/adapeipapillonsblancs.alsace\/index.php\/2024\/01\/25\/le-felsbourg-ouvre-ses-portes-4\/","og_site_name":"Adapei Papillons Blancs d&#039;Alsace","article_published_time":"2024-01-25T07:58:15+00:00","article_modified_time":"2026-07-06T06:08:21+00:00","author":"Kathia HAAS","twitter_card":"summary_large_image","twitter_misc":{"\u00c9crit par":"Kathia HAAS","Dur\u00e9e de lecture estim\u00e9e":"1 minute"},"schema":{"@context":"https:\/\/schema.org","@graph":[{"@type":"Article","@id":"https:\/\/adapeipapillonsblancs.alsace\/index.php\/2024\/01\/25\/le-felsbourg-ouvre-ses-portes-4\/#article","isPartOf":{"@id":"https:\/\/adapeipapillonsblancs.alsace\/index.php\/2024\/01\/25\/le-felsbourg-ouvre-ses-portes-4\/"},"author":{"name":"Kathia HAAS","@id":"https:\/\/adapeipapillonsblancs.alsace\/#\/schema\/person\/be6c334eae3a27a9c69bf5f0cb14011f"},"headline":"Le Felsbourg ouvre ses portes","datePublished":"2024-01-25T07:58:15+00:00","dateModified":"2026-07-06T06:08:21+00:00","mainEntityOfPage":{"@id":"https:\/\/adapeipapillonsblancs.alsace\/index.php\/2024\/01\/25\/le-felsbourg-ouvre-ses-portes-4\/"},"wordCount":242,"commentCount":0,"articleSection":["Adapei Papillons Blancs d'Alsace"],"inLanguage":"fr-FR","potentialAction":[{"@type":"CommentAction","name":"Comment","target":["https:\/\/adapeipapillonsblancs.alsace\/index.php\/2024\/01\/25\/le-felsbourg-ouvre-ses-portes-4\/#respond"]}]},{"@type":"WebPage","@id":"https:\/\/adapeipapillonsblancs.alsace\/index.php\/2024\/01\/25\/le-felsbourg-ouvre-ses-portes-4\/","url":"https:\/\/adapeipapillonsblancs.alsace\/index.php\/2024\/01\/25\/le-felsbourg-ouvre-ses-portes-4\/","name":"Le Felsbourg ouvre ses portes - Adapei Papillons Blancs d&#039;Alsace","isPartOf":{"@id":"https:\/\/adapeipapillonsblancs.alsace\/#website"},"datePublished":"2024-01-25T07:58:15+00:00","dateModified":"2026-07-06T06:08:21+00:00","author":{"@id":"https:\/\/adapeipapillonsblancs.alsace\/#\/schema\/person\/be6c334eae3a27a9c69bf5f0cb14011f"},"breadcrumb":{"@id":"https:\/\/adapeipapillonsblancs.alsace\/index.php\/2024\/01\/25\/le-felsbourg-ouvre-ses-portes-4\/#breadcrumb"},"inLanguage":"fr-FR","potentialAction":[{"@type":"ReadAction","target":["https:\/\/adapeipapillonsblancs.alsace\/index.php\/2024\/01\/25\/le-felsbourg-ouvre-ses-portes-4\/"]}]},{"@type":"BreadcrumbList","@id":"https:\/\/adapeipapillonsblancs.alsace\/index.php\/2024\/01\/25\/le-felsbourg-ouvre-ses-portes-4\/#breadcrumb","itemListElement":[{"@type":"ListItem","position":1,"name":"Accueil","item":"https:\/\/adapeipapillonsblancs.alsace\/"},{"@type":"ListItem","position":2,"name":"Le Felsbourg ouvre ses portes"}]},{"@type":"WebSite","@id":"https:\/\/adapeipapillonsblancs.alsace\/#website","url":"https:\/\/adapeipapillonsblancs.alsace\/","name":"Adapei Papillons Blancs d&#039;Alsace","description":"Ensemble, plus loin, plus fort !","potentialAction":[{"@type":"SearchAction","target":{"@type":"EntryPoint","urlTemplate":"https:\/\/adapeipapillonsblancs.alsace\/?s={search_term_string}"},"query-input":{"@type":"PropertyValueSpecification","valueRequired":true,"valueName":"search_term_string"}}],"inLanguage":"fr-FR"},{"@type":"Person","@id":"https:\/\/adapeipapillonsblancs.alsace\/#\/schema\/person\/be6c334eae3a27a9c69bf5f0cb14011f","name":"Kathia HAAS","image":{"@type":"ImageObject","inLanguage":"fr-FR","@id":"https:\/\/secure.gravatar.com\/avatar\/fdfd5da09d61bd6b6b17ce18388b44d517517a7397d97d590e9b068344f074f7?s=96&d=mm&r=g","url":"https:\/\/secure.gravatar.com\/avatar\/fdfd5da09d61bd6b6b17ce18388b44d517517a7397d97d590e9b068344f074f7?s=96&d=mm&r=g","contentUrl":"https:\/\/secure.gravatar.com\/avatar\/fdfd5da09d61bd6b6b17ce18388b44d517517a7397d97d590e9b068344f074f7?s=96&d=mm&r=g","caption":"Kathia HAAS"},"url":"https:\/\/adapeipapillonsblancs.alsace\/index.php\/author\/khaas\/"}]}},"_links":{"self":[{"href":"https:\/\/adapeipapillonsblancs.alsace\/index.php\/wp-json\/wp\/v2\/posts\/20910","targetHints":{"allow":["GET"]}}],"collection":[{"href":"https:\/\/adapeipapillonsblancs.alsace\/index.php\/wp-json\/wp\/v2\/posts"}],"about":[{"href":"https:\/\/adapeipapillonsblancs.alsace\/index.php\/wp-json\/wp\/v2\/types\/post"}],"author":[{"embeddable":true,"href":"https:\/\/adapeipapillonsblancs.alsace\/index.php\/wp-json\/wp\/v2\/users\/12"}],"replies":[{"embeddable":true,"href":"https:\/\/adapeipapillonsblancs.alsace\/index.php\/wp-json\/wp\/v2\/comments?post=20910"}],"version-history":[{"count":0,"href":"https:\/\/adapeipapillonsblancs.alsace\/index.php\/wp-json\/wp\/v2\/posts\/20910\/revisions"}],"wp:attachment":[{"href":"https:\/\/adapeipapillonsblancs.alsace\/index.php\/wp-json\/wp\/v2\/media?parent=20910"}],"wp:term":[{"taxonomy":"category","embeddable":true,"href":"https:\/\/adapeipapillonsblancs.alsace\/index.php\/wp-json\/wp\/v2\/categories?post=20910"},{"taxonomy":"post_tag","embeddable":true,"href":"https:\/\/adapeipapillonsblancs.alsace\/index.php\/wp-json\/wp\/v2\/tags?post=20910"}],"curies":[{"name":"wp","href":"https:\/\/api.w.org\/{rel}","templated":true}]}}