{"id":29654,"date":"2026-07-23T13:04:33","date_gmt":"2026-07-23T11:04:33","guid":{"rendered":"https:\/\/adapeipapillonsblancs.alsace\/?p=29654"},"modified":"2026-07-23T13:10:11","modified_gmt":"2026-07-23T11:10:11","slug":"equipe-mobile-phv67","status":"publish","type":"post","link":"https:\/\/adapeipapillonsblancs.alsace\/index.php\/2026\/07\/23\/equipe-mobile-phv67\/","title":{"rendered":"Equipe mobile PHV 67"},"content":{"rendered":"<p>[et_pb_section fb_built=\u00a0\u00bb1&Prime; custom_padding_last_edited=\u00a0\u00bbon|desktop\u00a0\u00bb admin_label=\u00a0\u00bbSection 1 &#8211; Fiche Etablissement\u00a0\u00bb _builder_version=\u00a0\u00bb4.16&Prime; custom_padding=\u00a0\u00bb0px|0px|0px|0px\u00a0\u00bb custom_padding_tablet=\u00a0\u00bb0px|12px|0px|12px\u00a0\u00bb custom_padding_phone=\u00a0\u00bb\u00a0\u00bb transparent_background=\u00a0\u00bboff\u00a0\u00bb make_fullwidth=\u00a0\u00bboff\u00a0\u00bb use_custom_width=\u00a0\u00bboff\u00a0\u00bb width_unit=\u00a0\u00bboff\u00a0\u00bb custom_width_px=\u00a0\u00bb1080px\u00a0\u00bb custom_width_percent=\u00a0\u00bb80%\u00a0\u00bb global_colors_info=\u00a0\u00bb{}\u00a0\u00bb][et_pb_row admin_label=\u00a0\u00bbrow\u00a0\u00bb _builder_version=\u00a0\u00bb4.16&Prime; background_size=\u00a0\u00bbinitial\u00a0\u00bb background_position=\u00a0\u00bbtop_left\u00a0\u00bb background_repeat=\u00a0\u00bbrepeat\u00a0\u00bb custom_padding=\u00a0\u00bb0px|0px|0px|0px\u00a0\u00bb make_fullwidth=\u00a0\u00bboff\u00a0\u00bb use_custom_width=\u00a0\u00bboff\u00a0\u00bb width_unit=\u00a0\u00bboff\u00a0\u00bb custom_width_px=\u00a0\u00bb1080px\u00a0\u00bb custom_width_percent=\u00a0\u00bb80%\u00a0\u00bb global_colors_info=\u00a0\u00bb{}\u00a0\u00bb][et_pb_column type=\u00a0\u00bb4_4&Prime; _builder_version=\u00a0\u00bb4.16&Prime; custom_padding=\u00a0\u00bb|||\u00a0\u00bb global_colors_info=\u00a0\u00bb{}\u00a0\u00bb custom_padding__hover=\u00a0\u00bb|||\u00a0\u00bb][et_pb_divider color=\u00a0\u00bb#000000&Prime; divider_style=\u00a0\u00bbdotted\u00a0\u00bb divider_weight=\u00a0\u00bb2px\u00a0\u00bb disabled_on=\u00a0\u00bbon|on|\u00a0\u00bb admin_label=\u00a0\u00bbS\u00e9parateur\u00a0\u00bb _builder_version=\u00a0\u00bb4.16&Prime; height=\u00a0\u00bb8px\u00a0\u00bb hide_on_mobile=\u00a0\u00bbon\u00a0\u00bb global_colors_info=\u00a0\u00bb{}\u00a0\u00bb] [\/et_pb_divider][et_pb_text admin_label=\u00a0\u00bbTexte public FAS\u00a0\u00bb _builder_version=\u00a0\u00bb4.16&Prime; text_text_color=\u00a0\u00bb#07ba96&Prime; background_size=\u00a0\u00bbinitial\u00a0\u00bb background_position=\u00a0\u00bbtop_left\u00a0\u00bb background_repeat=\u00a0\u00bbrepeat\u00a0\u00bb use_border_color=\u00a0\u00bboff\u00a0\u00bb border_color=\u00a0\u00bb#ffffff\u00a0\u00bb border_style=\u00a0\u00bbsolid\u00a0\u00bb saved_tabs=\u00a0\u00bball\u00a0\u00bb global_colors_info=\u00a0\u00bb{}\u00a0\u00bb]<strong>&gt; Enfants et jeunes Adultes en situation de handicap<\/strong><br \/>\n[\/et_pb_text][\/et_pb_column][\/et_pb_row][et_pb_row column_structure=\u00a0\u00bb1_2,1_2&Prime; admin_label=\u00a0\u00bbrow\u00a0\u00bb _builder_version=\u00a0\u00bb4.16&Prime; background_size=\u00a0\u00bbinitial\u00a0\u00bb background_position=\u00a0\u00bbtop_left\u00a0\u00bb background_repeat=\u00a0\u00bbrepeat\u00a0\u00bb custom_padding=\u00a0\u00bb12px|0px|24px|0px\u00a0\u00bb make_fullwidth=\u00a0\u00bboff\u00a0\u00bb use_custom_width=\u00a0\u00bboff\u00a0\u00bb width_unit=\u00a0\u00bboff\u00a0\u00bb custom_width_px=\u00a0\u00bb1080px\u00a0\u00bb custom_width_percent=\u00a0\u00bb80%\u00a0\u00bb global_colors_info=\u00a0\u00bb{}\u00a0\u00bb][et_pb_column type=\u00a0\u00bb1_2&Prime; _builder_version=\u00a0\u00bb4.16&Prime; custom_padding=\u00a0\u00bb|||\u00a0\u00bb global_colors_info=\u00a0\u00bb{}\u00a0\u00bb custom_padding__hover=\u00a0\u00bb|||\u00a0\u00bb][et_pb_text admin_label=\u00a0\u00bbTexte &#8211; Contact\u00a0\u00bb _builder_version=\u00a0\u00bb4.27.4&Prime; background_size=\u00a0\u00bbinitial\u00a0\u00bb background_position=\u00a0\u00bbtop_left\u00a0\u00bb background_repeat=\u00a0\u00bbrepeat\u00a0\u00bb text_font_size_tablet=\u00a0\u00bb14px\u00a0\u00bb text_font_size_phone=\u00a0\u00bb\u00a0\u00bb text_font_size_last_edited=\u00a0\u00bbon|phone\u00a0\u00bb use_border_color=\u00a0\u00bboff\u00a0\u00bb border_color=\u00a0\u00bb#ffffff\u00a0\u00bb border_style=\u00a0\u00bbsolid\u00a0\u00bb global_colors_info=\u00a0\u00bb{}\u00a0\u00bb]<\/p>\n<h2>Contact<\/h2>\n<p><strong>Directrice du P\u00f4le Accueil Sp\u00e9cialis\u00e9 :\u00a0 V\u00e9ronique GIOT<br \/><\/strong><strong>Directrice D\u00e9l\u00e9gu\u00e9e : Myriam ACKERMANN<br \/>Cheffe de service : Rebecca REBBANI<\/strong><\/p>\n<p>[\/et_pb_text][et_pb_text admin_label=\u00a0\u00bbTexte &#8211; Adresse\u00a0\u00bb _builder_version=\u00a0\u00bb4.27.7&Prime; background_size=\u00a0\u00bbinitial\u00a0\u00bb background_position=\u00a0\u00bbtop_left\u00a0\u00bb background_repeat=\u00a0\u00bbrepeat\u00a0\u00bb text_font_size_tablet=\u00a0\u00bb14px\u00a0\u00bb text_font_size_phone=\u00a0\u00bb\u00a0\u00bb text_font_size_last_edited=\u00a0\u00bbon|phone\u00a0\u00bb use_border_color=\u00a0\u00bboff\u00a0\u00bb border_color=\u00a0\u00bb#ffffff\u00a0\u00bb border_style=\u00a0\u00bbsolid\u00a0\u00bb global_colors_info=\u00a0\u00bb{}\u00a0\u00bb]<\/p>\n<h2>Adresse<\/h2>\n<p><strong>6 place Galil\u00e9e<br \/>67380 Lingolsheim<\/strong><\/p>\n<p>[\/et_pb_text][\/et_pb_column][et_pb_column type=\u00a0\u00bb1_2&Prime; _builder_version=\u00a0\u00bb4.16&Prime; custom_padding=\u00a0\u00bb|||\u00a0\u00bb global_colors_info=\u00a0\u00bb{}\u00a0\u00bb custom_padding__hover=\u00a0\u00bb|||\u00a0\u00bb][et_pb_text admin_label=\u00a0\u00bbTexte &#8211; Pr\u00e9sentation \u00a0\u00bb _builder_version=\u00a0\u00bb4.27.7&Prime; background_size=\u00a0\u00bbinitial\u00a0\u00bb background_position=\u00a0\u00bbtop_left\u00a0\u00bb background_repeat=\u00a0\u00bbrepeat\u00a0\u00bb text_font_size_tablet=\u00a0\u00bb14px\u00a0\u00bb text_font_size_phone=\u00a0\u00bb\u00a0\u00bb text_font_size_last_edited=\u00a0\u00bbon|phone\u00a0\u00bb header_line_height_tablet=\u00a0\u00bb1.2em\u00a0\u00bb header_line_height_phone=\u00a0\u00bb\u00a0\u00bb header_line_height_last_edited=\u00a0\u00bbon|phone\u00a0\u00bb use_border_color=\u00a0\u00bboff\u00a0\u00bb border_color=\u00a0\u00bb#ffffff\u00a0\u00bb border_style=\u00a0\u00bbsolid\u00a0\u00bb global_colors_info=\u00a0\u00bb{}\u00a0\u00bb]<\/p>\n<h2>Pr\u00e9sentation<\/h2>\n<p><strong>L\u2019\u00e9quipe mobile PHV 67<\/strong> intervient dans tout le Bas-Rhin pour accompagner les <strong>personnes en situation de handicap vieillissantes<\/strong>, les \u00e9tablissements, les professionnels et les aidants confront\u00e9s aux enjeux de l\u2019avanc\u00e9e en \u00e2ge.<\/p>\n<p>&nbsp;<\/p>\n<p>&nbsp;<\/p>\n<p>[\/et_pb_text][\/et_pb_column][\/et_pb_row][\/et_pb_section][et_pb_section fb_built=\u00a0\u00bb1&Prime; admin_label=\u00a0\u00bbsection\u00a0\u00bb _builder_version=\u00a0\u00bb4.16&Prime; global_colors_info=\u00a0\u00bb{}\u00a0\u00bb][et_pb_row admin_label=\u00a0\u00bbrow\u00a0\u00bb _builder_version=\u00a0\u00bb4.16&Prime; background_size=\u00a0\u00bbinitial\u00a0\u00bb background_position=\u00a0\u00bbtop_left\u00a0\u00bb background_repeat=\u00a0\u00bbrepeat\u00a0\u00bb global_colors_info=\u00a0\u00bb{}\u00a0\u00bb][et_pb_column type=\u00a0\u00bb4_4&Prime; _builder_version=\u00a0\u00bb4.16&Prime; custom_padding=\u00a0\u00bb|||\u00a0\u00bb global_colors_info=\u00a0\u00bb{}\u00a0\u00bb custom_padding__hover=\u00a0\u00bb|||\u00a0\u00bb][et_pb_toggle title=\u00a0\u00bbEn savoir plus sur l&rsquo;\u00e9quipe mobile PHV 67&Prime; admin_label=\u00a0\u00bbBascule\u00a0\u00bb _builder_version=\u00a0\u00bb4.27.7&Prime; background_size=\u00a0\u00bbinitial\u00a0\u00bb background_position=\u00a0\u00bbtop_left\u00a0\u00bb background_repeat=\u00a0\u00bbrepeat\u00a0\u00bb hover_enabled=\u00a0\u00bb0&Prime; use_border_color=\u00a0\u00bboff\u00a0\u00bb border_color=\u00a0\u00bb#ffffff\u00a0\u00bb border_style=\u00a0\u00bbsolid\u00a0\u00bb global_colors_info=\u00a0\u00bb{}\u00a0\u00bb sticky_enabled=\u00a0\u00bb0&Prime;]<\/p>\n<p><span data-olk-copy-source=\"MessageBody\" style=\"direction: ltr; font-family: Aptos, serif; font-size: 12pt; color: #000000;\">Ses missions sont d&rsquo;accompagner les personnes en situation de handicap vieillissantes, les professionnels, les aidants et les \u00e9tablissements confront\u00e9s aux enjeux de l&rsquo;avanc\u00e9e en \u00e2ge. Une \u00e9quipe pluridisciplinaire intervient pour \u00e9valuer les besoins, soutenir les situations complexes, pr\u00e9venir les pertes d&rsquo;autonomie et les ruptures de parcours et proposer des solutions adapt\u00e9es. Mobile et de proximit\u00e9, elle intervient dans l&rsquo;ensemble du Bas Rhin<\/span>.<\/p>\n<p>[\/et_pb_toggle][et_pb_toggle title=\u00a0\u00bbComposition\u00a0\u00bb admin_label=\u00a0\u00bbBascule\u00a0\u00bb _builder_version=\u00a0\u00bb4.27.7&Prime; background_size=\u00a0\u00bbinitial\u00a0\u00bb background_position=\u00a0\u00bbtop_left\u00a0\u00bb background_repeat=\u00a0\u00bbrepeat\u00a0\u00bb use_border_color=\u00a0\u00bboff\u00a0\u00bb border_color=\u00a0\u00bb#ffffff\u00a0\u00bb border_style=\u00a0\u00bbsolid\u00a0\u00bb global_colors_info=\u00a0\u00bb{}\u00a0\u00bb]<\/p>\n<p>Une \u00e9quipe mobile compos\u00e9e d&rsquo;un ergoth\u00e9rapeute, un psychologue, une infirmi\u00e8re, un moniteur \u00e9ducateur et d&rsquo;une assistante sociale.<\/p>\n<p>[\/et_pb_toggle][\/et_pb_column][\/et_pb_row][\/et_pb_section]<\/p>\n","protected":false},"excerpt":{"rendered":"<p>&gt; Enfants et jeunes Adultes en situation de handicap Contact Directrice du P\u00f4le Accueil Sp\u00e9cialis\u00e9 :\u00a0 V\u00e9ronique GIOTDirectrice D\u00e9l\u00e9gu\u00e9e : Myriam ACKERMANNCheffe de service : Rebecca REBBANIAdresse 6 place Galil\u00e9e67380 LingolsheimPr\u00e9sentation L\u2019\u00e9quipe mobile PHV 67 intervient dans tout le Bas-Rhin pour accompagner les personnes en situation de handicap vieillissantes, les \u00e9tablissements, les professionnels et les [&hellip;]<\/p>\n","protected":false},"author":12,"featured_media":0,"comment_status":"open","ping_status":"open","sticky":false,"template":"","format":"standard","meta":{"_et_pb_use_builder":"on","_et_pb_old_content":"","_et_gb_content_width":"","footnotes":""},"categories":[9,21],"tags":[],"class_list":["post-29654","post","type-post","status-publish","format-standard","hentry","category-nord-alsace","category-pole-accueil-specialise"],"yoast_head":"<!-- This site is optimized with the Yoast SEO plugin v28.4 - https:\/\/yoast.com\/product\/yoast-seo-wordpress\/ -->\n<title>Equipe mobile PHV 67 - Adapei Papillons Blancs d&#039;Alsace<\/title>\n<meta name=\"robots\" content=\"index, follow, max-snippet:-1, max-image-preview:large, max-video-preview:-1\" \/>\n<link rel=\"canonical\" href=\"https:\/\/adapeipapillonsblancs.alsace\/index.php\/2026\/07\/23\/equipe-mobile-phv67\/\" \/>\n<meta property=\"og:locale\" content=\"fr_FR\" \/>\n<meta property=\"og:type\" content=\"article\" \/>\n<meta property=\"og:title\" content=\"Equipe mobile PHV 67 - Adapei Papillons Blancs d&#039;Alsace\" \/>\n<meta property=\"og:description\" content=\"&gt; Enfants et jeunes Adultes en situation de handicap Contact Directrice du P\u00f4le Accueil Sp\u00e9cialis\u00e9 :\u00a0 V\u00e9ronique GIOTDirectrice D\u00e9l\u00e9gu\u00e9e : Myriam ACKERMANNCheffe de service : Rebecca REBBANIAdresse 6 place Galil\u00e9e67380 LingolsheimPr\u00e9sentation L\u2019\u00e9quipe mobile PHV 67 intervient dans tout le Bas-Rhin pour accompagner les personnes en situation de handicap vieillissantes, les \u00e9tablissements, les professionnels et les [&hellip;]\" \/>\n<meta property=\"og:url\" content=\"https:\/\/adapeipapillonsblancs.alsace\/index.php\/2026\/07\/23\/equipe-mobile-phv67\/\" \/>\n<meta property=\"og:site_name\" content=\"Adapei Papillons Blancs d&#039;Alsace\" \/>\n<meta property=\"article:published_time\" content=\"2026-07-23T11:04:33+00:00\" \/>\n<meta property=\"article:modified_time\" content=\"2026-07-23T11:10:11+00:00\" \/>\n<meta name=\"author\" content=\"Kathia HAAS\" \/>\n<meta name=\"twitter:card\" content=\"summary_large_image\" \/>\n<meta name=\"twitter:label1\" content=\"\u00c9crit par\" \/>\n\t<meta name=\"twitter:data1\" content=\"Kathia HAAS\" \/>\n\t<meta name=\"twitter:label2\" content=\"Dur\u00e9e de lecture estim\u00e9e\" \/>\n\t<meta name=\"twitter:data2\" content=\"1 minute\" \/>\n<!-- \/ Yoast SEO plugin. -->","yoast_head_json":{"title":"Equipe mobile PHV 67 - Adapei Papillons Blancs d&#039;Alsace","robots":{"index":"index","follow":"follow","max-snippet":"max-snippet:-1","max-image-preview":"max-image-preview:large","max-video-preview":"max-video-preview:-1"},"canonical":"https:\/\/adapeipapillonsblancs.alsace\/index.php\/2026\/07\/23\/equipe-mobile-phv67\/","og_locale":"fr_FR","og_type":"article","og_title":"Equipe mobile PHV 67 - Adapei Papillons Blancs d&#039;Alsace","og_description":"&gt; Enfants et jeunes Adultes en situation de handicap Contact Directrice du P\u00f4le Accueil Sp\u00e9cialis\u00e9 :\u00a0 V\u00e9ronique GIOTDirectrice D\u00e9l\u00e9gu\u00e9e : Myriam ACKERMANNCheffe de service : Rebecca REBBANIAdresse 6 place Galil\u00e9e67380 LingolsheimPr\u00e9sentation L\u2019\u00e9quipe mobile PHV 67 intervient dans tout le Bas-Rhin pour accompagner les personnes en situation de handicap vieillissantes, les \u00e9tablissements, les professionnels et les [&hellip;]","og_url":"https:\/\/adapeipapillonsblancs.alsace\/index.php\/2026\/07\/23\/equipe-mobile-phv67\/","og_site_name":"Adapei Papillons Blancs d&#039;Alsace","article_published_time":"2026-07-23T11:04:33+00:00","article_modified_time":"2026-07-23T11:10:11+00:00","author":"Kathia HAAS","twitter_card":"summary_large_image","twitter_misc":{"\u00c9crit par":"Kathia HAAS","Dur\u00e9e de lecture estim\u00e9e":"1 minute"},"schema":{"@context":"https:\/\/schema.org","@graph":[{"@type":"Article","@id":"https:\/\/adapeipapillonsblancs.alsace\/index.php\/2026\/07\/23\/equipe-mobile-phv67\/#article","isPartOf":{"@id":"https:\/\/adapeipapillonsblancs.alsace\/index.php\/2026\/07\/23\/equipe-mobile-phv67\/"},"author":{"name":"Kathia HAAS","@id":"https:\/\/adapeipapillonsblancs.alsace\/#\/schema\/person\/be6c334eae3a27a9c69bf5f0cb14011f"},"headline":"Equipe mobile PHV 67","datePublished":"2026-07-23T11:04:33+00:00","dateModified":"2026-07-23T11:10:11+00:00","mainEntityOfPage":{"@id":"https:\/\/adapeipapillonsblancs.alsace\/index.php\/2026\/07\/23\/equipe-mobile-phv67\/"},"wordCount":766,"commentCount":0,"articleSection":["Alsace Nord","P\u00f4le Accueil Sp\u00e9cialis\u00e9"],"inLanguage":"fr-FR","potentialAction":[{"@type":"CommentAction","name":"Comment","target":["https:\/\/adapeipapillonsblancs.alsace\/index.php\/2026\/07\/23\/equipe-mobile-phv67\/#respond"]}]},{"@type":"WebPage","@id":"https:\/\/adapeipapillonsblancs.alsace\/index.php\/2026\/07\/23\/equipe-mobile-phv67\/","url":"https:\/\/adapeipapillonsblancs.alsace\/index.php\/2026\/07\/23\/equipe-mobile-phv67\/","name":"Equipe mobile PHV 67 - Adapei Papillons Blancs d&#039;Alsace","isPartOf":{"@id":"https:\/\/adapeipapillonsblancs.alsace\/#website"},"datePublished":"2026-07-23T11:04:33+00:00","dateModified":"2026-07-23T11:10:11+00:00","author":{"@id":"https:\/\/adapeipapillonsblancs.alsace\/#\/schema\/person\/be6c334eae3a27a9c69bf5f0cb14011f"},"breadcrumb":{"@id":"https:\/\/adapeipapillonsblancs.alsace\/index.php\/2026\/07\/23\/equipe-mobile-phv67\/#breadcrumb"},"inLanguage":"fr-FR","potentialAction":[{"@type":"ReadAction","target":["https:\/\/adapeipapillonsblancs.alsace\/index.php\/2026\/07\/23\/equipe-mobile-phv67\/"]}]},{"@type":"BreadcrumbList","@id":"https:\/\/adapeipapillonsblancs.alsace\/index.php\/2026\/07\/23\/equipe-mobile-phv67\/#breadcrumb","itemListElement":[{"@type":"ListItem","position":1,"name":"Accueil","item":"https:\/\/adapeipapillonsblancs.alsace\/"},{"@type":"ListItem","position":2,"name":"Equipe mobile PHV 67"}]},{"@type":"WebSite","@id":"https:\/\/adapeipapillonsblancs.alsace\/#website","url":"https:\/\/adapeipapillonsblancs.alsace\/","name":"Adapei Papillons Blancs d&#039;Alsace","description":"Ensemble, plus loin, plus fort !","potentialAction":[{"@type":"SearchAction","target":{"@type":"EntryPoint","urlTemplate":"https:\/\/adapeipapillonsblancs.alsace\/?s={search_term_string}"},"query-input":{"@type":"PropertyValueSpecification","valueRequired":true,"valueName":"search_term_string"}}],"inLanguage":"fr-FR"},{"@type":"Person","@id":"https:\/\/adapeipapillonsblancs.alsace\/#\/schema\/person\/be6c334eae3a27a9c69bf5f0cb14011f","name":"Kathia HAAS","image":{"@type":"ImageObject","inLanguage":"fr-FR","@id":"https:\/\/secure.gravatar.com\/avatar\/fdfd5da09d61bd6b6b17ce18388b44d517517a7397d97d590e9b068344f074f7?s=96&d=mm&r=g","url":"https:\/\/secure.gravatar.com\/avatar\/fdfd5da09d61bd6b6b17ce18388b44d517517a7397d97d590e9b068344f074f7?s=96&d=mm&r=g","contentUrl":"https:\/\/secure.gravatar.com\/avatar\/fdfd5da09d61bd6b6b17ce18388b44d517517a7397d97d590e9b068344f074f7?s=96&d=mm&r=g","caption":"Kathia HAAS"},"url":"https:\/\/adapeipapillonsblancs.alsace\/index.php\/author\/khaas\/"}]}},"_links":{"self":[{"href":"https:\/\/adapeipapillonsblancs.alsace\/index.php\/wp-json\/wp\/v2\/posts\/29654","targetHints":{"allow":["GET"]}}],"collection":[{"href":"https:\/\/adapeipapillonsblancs.alsace\/index.php\/wp-json\/wp\/v2\/posts"}],"about":[{"href":"https:\/\/adapeipapillonsblancs.alsace\/index.php\/wp-json\/wp\/v2\/types\/post"}],"author":[{"embeddable":true,"href":"https:\/\/adapeipapillonsblancs.alsace\/index.php\/wp-json\/wp\/v2\/users\/12"}],"replies":[{"embeddable":true,"href":"https:\/\/adapeipapillonsblancs.alsace\/index.php\/wp-json\/wp\/v2\/comments?post=29654"}],"version-history":[{"count":6,"href":"https:\/\/adapeipapillonsblancs.alsace\/index.php\/wp-json\/wp\/v2\/posts\/29654\/revisions"}],"predecessor-version":[{"id":29662,"href":"https:\/\/adapeipapillonsblancs.alsace\/index.php\/wp-json\/wp\/v2\/posts\/29654\/revisions\/29662"}],"wp:attachment":[{"href":"https:\/\/adapeipapillonsblancs.alsace\/index.php\/wp-json\/wp\/v2\/media?parent=29654"}],"wp:term":[{"taxonomy":"category","embeddable":true,"href":"https:\/\/adapeipapillonsblancs.alsace\/index.php\/wp-json\/wp\/v2\/categories?post=29654"},{"taxonomy":"post_tag","embeddable":true,"href":"https:\/\/adapeipapillonsblancs.alsace\/index.php\/wp-json\/wp\/v2\/tags?post=29654"}],"curies":[{"name":"wp","href":"https:\/\/api.w.org\/{rel}","templated":true}]}}