{"id":717,"date":"2017-02-04T11:04:08","date_gmt":"2017-02-04T10:04:08","guid":{"rendered":"https:\/\/adapeipapillonsblancs.alsace\/?p=717"},"modified":"2025-07-23T08:14:08","modified_gmt":"2025-07-23T06:14:08","slug":"residence-galilee","status":"publish","type":"post","link":"https:\/\/adapeipapillonsblancs.alsace\/index.php\/2017\/02\/04\/residence-galilee\/","title":{"rendered":"Maison d\u2019Accueil Sp\u00e9cialis\u00e9 Lingolsheim &#8211; R\u00e9sidence Galil\u00e9e"},"content":{"rendered":"<p>[et_pb_section fb_built=\u00a0\u00bb1&Prime; custom_padding_last_edited=\u00a0\u00bbon|desktop\u00a0\u00bb admin_label=\u00a0\u00bbSection 1 &#8211; Fiche Etablissement\u00a0\u00bb _builder_version=\u00a0\u00bb4.16&Prime; custom_padding=\u00a0\u00bb0px|0px|0px|0px\u00a0\u00bb custom_padding_tablet=\u00a0\u00bb|12px||12px\u00a0\u00bb custom_padding_phone=\u00a0\u00bb\u00a0\u00bb transparent_background=\u00a0\u00bboff\u00a0\u00bb make_fullwidth=\u00a0\u00bboff\u00a0\u00bb use_custom_width=\u00a0\u00bboff\u00a0\u00bb width_unit=\u00a0\u00bboff\u00a0\u00bb custom_width_px=\u00a0\u00bb1080px\u00a0\u00bb custom_width_percent=\u00a0\u00bb80%\u00a0\u00bb global_colors_info=\u00a0\u00bb{}\u00a0\u00bb][et_pb_row admin_label=\u00a0\u00bbrow\u00a0\u00bb _builder_version=\u00a0\u00bb4.16&Prime; background_size=\u00a0\u00bbinitial\u00a0\u00bb background_position=\u00a0\u00bbtop_left\u00a0\u00bb background_repeat=\u00a0\u00bbrepeat\u00a0\u00bb custom_padding=\u00a0\u00bb0px|0px|0px|0px\u00a0\u00bb make_fullwidth=\u00a0\u00bboff\u00a0\u00bb use_custom_width=\u00a0\u00bboff\u00a0\u00bb width_unit=\u00a0\u00bboff\u00a0\u00bb custom_width_px=\u00a0\u00bb1080px\u00a0\u00bb custom_width_percent=\u00a0\u00bb80%\u00a0\u00bb global_colors_info=\u00a0\u00bb{}\u00a0\u00bb][et_pb_column type=\u00a0\u00bb4_4&Prime; _builder_version=\u00a0\u00bb4.16&Prime; custom_padding=\u00a0\u00bb|||\u00a0\u00bb global_colors_info=\u00a0\u00bb{}\u00a0\u00bb custom_padding__hover=\u00a0\u00bb|||\u00a0\u00bb][et_pb_divider color=\u00a0\u00bb#000000&Prime; divider_style=\u00a0\u00bbdotted\u00a0\u00bb divider_weight=\u00a0\u00bb2px\u00a0\u00bb disabled_on=\u00a0\u00bbon|on|\u00a0\u00bb admin_label=\u00a0\u00bbS\u00e9parateur\u00a0\u00bb _builder_version=\u00a0\u00bb4.16&Prime; height=\u00a0\u00bb8px\u00a0\u00bb hide_on_mobile=\u00a0\u00bbon\u00a0\u00bb global_colors_info=\u00a0\u00bb{}\u00a0\u00bb] [\/et_pb_divider][et_pb_text admin_label=\u00a0\u00bbTexte Public FAM\u00a0\u00bb _builder_version=\u00a0\u00bb4.16&Prime; text_text_color=\u00a0\u00bb#07ba96&Prime; background_size=\u00a0\u00bbinitial\u00a0\u00bb background_position=\u00a0\u00bbtop_left\u00a0\u00bb background_repeat=\u00a0\u00bbrepeat\u00a0\u00bb use_border_color=\u00a0\u00bboff\u00a0\u00bb border_style=\u00a0\u00bbsolid\u00a0\u00bb saved_tabs=\u00a0\u00bball\u00a0\u00bb global_colors_info=\u00a0\u00bb{}\u00a0\u00bb]<strong>&gt; Adultes polyhandicap\u00e9s ou plurihandicap\u00e9s<\/strong><br \/>\n[\/et_pb_text][\/et_pb_column][\/et_pb_row][et_pb_row column_structure=\u00a0\u00bb1_2,1_2&Prime; admin_label=\u00a0\u00bbrow\u00a0\u00bb _builder_version=\u00a0\u00bb4.16&Prime; background_size=\u00a0\u00bbinitial\u00a0\u00bb background_position=\u00a0\u00bbtop_left\u00a0\u00bb background_repeat=\u00a0\u00bbrepeat\u00a0\u00bb custom_padding=\u00a0\u00bb12px|0px|24px|0px\u00a0\u00bb make_fullwidth=\u00a0\u00bboff\u00a0\u00bb use_custom_width=\u00a0\u00bboff\u00a0\u00bb width_unit=\u00a0\u00bboff\u00a0\u00bb custom_width_px=\u00a0\u00bb1080px\u00a0\u00bb custom_width_percent=\u00a0\u00bb80%\u00a0\u00bb global_colors_info=\u00a0\u00bb{}\u00a0\u00bb][et_pb_column type=\u00a0\u00bb1_2&Prime; _builder_version=\u00a0\u00bb4.16&Prime; custom_padding=\u00a0\u00bb|||\u00a0\u00bb global_colors_info=\u00a0\u00bb{}\u00a0\u00bb custom_padding__hover=\u00a0\u00bb|||\u00a0\u00bb][et_pb_text admin_label=\u00a0\u00bbTexte &#8211; Contact\u00a0\u00bb _builder_version=\u00a0\u00bb4.27.4&Prime; background_size=\u00a0\u00bbinitial\u00a0\u00bb background_position=\u00a0\u00bbtop_left\u00a0\u00bb background_repeat=\u00a0\u00bbrepeat\u00a0\u00bb text_font_size_tablet=\u00a0\u00bb14px\u00a0\u00bb text_font_size_phone=\u00a0\u00bb\u00a0\u00bb text_font_size_last_edited=\u00a0\u00bbon|phone\u00a0\u00bb use_border_color=\u00a0\u00bboff\u00a0\u00bb border_color=\u00a0\u00bb#ffffff\u00a0\u00bb border_style=\u00a0\u00bbsolid\u00a0\u00bb global_colors_info=\u00a0\u00bb{}\u00a0\u00bb]<\/p>\n<h2>Contact<\/h2>\n<p><strong>Directrice du P\u00f4le Accueil Sp\u00e9cialis\u00e9 : V\u00e9ronique GIOT<br \/><\/strong><strong>Directrice D\u00e9l\u00e9gu\u00e9e : Myriam ACKERMANN<br \/><\/strong><strong>Cheffe de service : Eve MURE<br \/>Cheffe de service : V\u00e9ronique POISBEAU<br \/>Administratrice r\u00e9f\u00e9rente : Marie-Jos\u00e9e BICH-STRAUB<br \/><\/strong><\/p>\n<p>[\/et_pb_text][et_pb_text disabled_on=\u00a0\u00bbon|on|\u00a0\u00bb admin_label=\u00a0\u00bbTexte &#8211; T\u00e9l\u00a0\u00bb _builder_version=\u00a0\u00bb4.16&Prime; background_size=\u00a0\u00bbinitial\u00a0\u00bb background_position=\u00a0\u00bbtop_left\u00a0\u00bb background_repeat=\u00a0\u00bbrepeat\u00a0\u00bb text_font_size_tablet=\u00a0\u00bb14px\u00a0\u00bb text_font_size_phone=\u00a0\u00bb\u00a0\u00bb text_font_size_last_edited=\u00a0\u00bbon|phone\u00a0\u00bb use_border_color=\u00a0\u00bboff\u00a0\u00bb border_style=\u00a0\u00bbsolid\u00a0\u00bb global_colors_info=\u00a0\u00bb{}\u00a0\u00bb]<\/p>\n<p><strong>T\u00e9l.\u00a003 88 10 35 70<\/strong><\/p>\n<p>[\/et_pb_text][et_pb_button button_url=\u00a0\u00bbtel:+33388103570&Prime; button_text=\u00a0\u00bb03 88 10 35 70&Prime; button_alignment=\u00a0\u00bbleft\u00a0\u00bb disabled_on=\u00a0\u00bb||on\u00a0\u00bb admin_label=\u00a0\u00bbBouton &#8211; T\u00e9l\u00a0\u00bb _builder_version=\u00a0\u00bb4.16&Prime; custom_button=\u00a0\u00bbon\u00a0\u00bb button_text_size=\u00a0\u00bb14px\u00a0\u00bb button_text_color=\u00a0\u00bb#ffffff\u00a0\u00bb button_bg_color=\u00a0\u00bbrgba(147,147,147,0.66)\u00a0\u00bb button_border_width=\u00a0\u00bb1px\u00a0\u00bb button_border_color=\u00a0\u00bb#ffffff\u00a0\u00bb button_font=\u00a0\u00bb|on|||\u00a0\u00bb button_icon=\u00a0\u00bb&#xe090;||divi||400&Prime; button_icon_color=\u00a0\u00bb#ffffff\u00a0\u00bb button_icon_placement=\u00a0\u00bbleft\u00a0\u00bb button_on_hover=\u00a0\u00bboff\u00a0\u00bb button_text_color_hover=\u00a0\u00bbrgba(255,255,255,0.69)\u00a0\u00bb button_border_radius_hover=\u00a0\u00bb1px\u00a0\u00bb button_letter_spacing_hover=\u00a0\u00bb0&Prime; global_colors_info=\u00a0\u00bb{}\u00a0\u00bb button_text_size__hover_enabled=\u00a0\u00bboff\u00a0\u00bb button_one_text_size__hover_enabled=\u00a0\u00bboff\u00a0\u00bb button_two_text_size__hover_enabled=\u00a0\u00bboff\u00a0\u00bb button_text_color__hover_enabled=\u00a0\u00bbon\u00a0\u00bb button_text_color__hover=\u00a0\u00bbrgba(255,255,255,0.69)\u00a0\u00bb button_one_text_color__hover_enabled=\u00a0\u00bboff\u00a0\u00bb button_two_text_color__hover_enabled=\u00a0\u00bboff\u00a0\u00bb button_border_width__hover_enabled=\u00a0\u00bboff\u00a0\u00bb button_one_border_width__hover_enabled=\u00a0\u00bboff\u00a0\u00bb button_two_border_width__hover_enabled=\u00a0\u00bboff\u00a0\u00bb button_border_color__hover_enabled=\u00a0\u00bboff\u00a0\u00bb button_one_border_color__hover_enabled=\u00a0\u00bboff\u00a0\u00bb button_two_border_color__hover_enabled=\u00a0\u00bboff\u00a0\u00bb button_border_radius__hover_enabled=\u00a0\u00bbon\u00a0\u00bb button_border_radius__hover=\u00a0\u00bb1px\u00a0\u00bb button_one_border_radius__hover_enabled=\u00a0\u00bboff\u00a0\u00bb button_two_border_radius__hover_enabled=\u00a0\u00bboff\u00a0\u00bb button_letter_spacing__hover_enabled=\u00a0\u00bbon\u00a0\u00bb button_letter_spacing__hover=\u00a0\u00bb0&Prime; button_one_letter_spacing__hover_enabled=\u00a0\u00bboff\u00a0\u00bb button_two_letter_spacing__hover_enabled=\u00a0\u00bboff\u00a0\u00bb button_bg_color__hover_enabled=\u00a0\u00bboff\u00a0\u00bb button_one_bg_color__hover_enabled=\u00a0\u00bboff\u00a0\u00bb button_two_bg_color__hover_enabled=\u00a0\u00bboff\u00a0\u00bb] [\/et_pb_button][et_pb_button button_url=\u00a0\u00bbmailto:mas.lingolsheim@apba.eu\u00a0\u00bb button_text=\u00a0\u00bbmas.lingolsheim@apba.eu\u00a0\u00bb button_alignment=\u00a0\u00bbleft\u00a0\u00bb admin_label=\u00a0\u00bbBouton &#8211; Email\u00a0\u00bb _builder_version=\u00a0\u00bb4.27.4&Prime; custom_button=\u00a0\u00bbon\u00a0\u00bb button_text_size=\u00a0\u00bb14px\u00a0\u00bb button_text_color=\u00a0\u00bb#ffffff\u00a0\u00bb button_bg_color=\u00a0\u00bbrgba(147,147,147,0.66)\u00a0\u00bb button_border_width=\u00a0\u00bb1px\u00a0\u00bb button_border_color=\u00a0\u00bb#ffffff\u00a0\u00bb button_font=\u00a0\u00bb|on|||\u00a0\u00bb button_icon=\u00a0\u00bb&#xe010;||divi||400&Prime; button_icon_color=\u00a0\u00bb#ffffff\u00a0\u00bb button_icon_placement=\u00a0\u00bbleft\u00a0\u00bb button_on_hover=\u00a0\u00bboff\u00a0\u00bb button_text_color_hover=\u00a0\u00bbrgba(255,255,255,0.69)\u00a0\u00bb button_border_radius_hover=\u00a0\u00bb1px\u00a0\u00bb button_letter_spacing_hover=\u00a0\u00bb0&Prime; global_colors_info=\u00a0\u00bb{}\u00a0\u00bb button_text_size__hover_enabled=\u00a0\u00bboff\u00a0\u00bb button_one_text_size__hover_enabled=\u00a0\u00bboff\u00a0\u00bb button_two_text_size__hover_enabled=\u00a0\u00bboff\u00a0\u00bb button_text_color__hover_enabled=\u00a0\u00bbon\u00a0\u00bb button_text_color__hover=\u00a0\u00bbrgba(255,255,255,0.69)\u00a0\u00bb button_one_text_color__hover_enabled=\u00a0\u00bboff\u00a0\u00bb button_two_text_color__hover_enabled=\u00a0\u00bboff\u00a0\u00bb button_border_width__hover_enabled=\u00a0\u00bboff\u00a0\u00bb button_one_border_width__hover_enabled=\u00a0\u00bboff\u00a0\u00bb button_two_border_width__hover_enabled=\u00a0\u00bboff\u00a0\u00bb button_border_color__hover_enabled=\u00a0\u00bboff\u00a0\u00bb button_one_border_color__hover_enabled=\u00a0\u00bboff\u00a0\u00bb button_two_border_color__hover_enabled=\u00a0\u00bboff\u00a0\u00bb button_border_radius__hover_enabled=\u00a0\u00bbon\u00a0\u00bb button_border_radius__hover=\u00a0\u00bb1px\u00a0\u00bb button_one_border_radius__hover_enabled=\u00a0\u00bboff\u00a0\u00bb button_two_border_radius__hover_enabled=\u00a0\u00bboff\u00a0\u00bb button_letter_spacing__hover_enabled=\u00a0\u00bbon\u00a0\u00bb button_letter_spacing__hover=\u00a0\u00bb0&Prime; button_one_letter_spacing__hover_enabled=\u00a0\u00bboff\u00a0\u00bb button_two_letter_spacing__hover_enabled=\u00a0\u00bboff\u00a0\u00bb button_bg_color__hover_enabled=\u00a0\u00bboff\u00a0\u00bb button_one_bg_color__hover_enabled=\u00a0\u00bboff\u00a0\u00bb button_two_bg_color__hover_enabled=\u00a0\u00bboff\u00a0\u00bb] [\/et_pb_button][et_pb_text admin_label=\u00a0\u00bbTexte &#8211; Adresse\u00a0\u00bb _builder_version=\u00a0\u00bb4.16&Prime; background_size=\u00a0\u00bbinitial\u00a0\u00bb background_position=\u00a0\u00bbtop_left\u00a0\u00bb background_repeat=\u00a0\u00bbrepeat\u00a0\u00bb text_font_size_tablet=\u00a0\u00bb14px\u00a0\u00bb text_font_size_phone=\u00a0\u00bb\u00a0\u00bb text_font_size_last_edited=\u00a0\u00bbon|phone\u00a0\u00bb use_border_color=\u00a0\u00bboff\u00a0\u00bb border_style=\u00a0\u00bbsolid\u00a0\u00bb global_colors_info=\u00a0\u00bb{}\u00a0\u00bb]<\/p>\n<h2>Adresse<\/h2>\n<p><strong>6 place Galil\u00e9e<br \/>\n67380 Lingolsheim<\/strong><br \/>\n[\/et_pb_text][\/et_pb_column][et_pb_column type=\u00a0\u00bb1_2&Prime; _builder_version=\u00a0\u00bb4.16&Prime; custom_padding=\u00a0\u00bb|||\u00a0\u00bb global_colors_info=\u00a0\u00bb{}\u00a0\u00bb custom_padding__hover=\u00a0\u00bb|||\u00a0\u00bb][et_pb_text admin_label=\u00a0\u00bbTexte &#8211; Pr\u00e9sentation \u00a0\u00bb _builder_version=\u00a0\u00bb4.27.4&Prime; background_size=\u00a0\u00bbinitial\u00a0\u00bb background_position=\u00a0\u00bbtop_left\u00a0\u00bb background_repeat=\u00a0\u00bbrepeat\u00a0\u00bb hover_enabled=\u00a0\u00bb0&Prime; text_font_size_tablet=\u00a0\u00bb14px\u00a0\u00bb text_font_size_phone=\u00a0\u00bb\u00a0\u00bb text_font_size_last_edited=\u00a0\u00bbon|phone\u00a0\u00bb header_line_height_tablet=\u00a0\u00bb1.2em\u00a0\u00bb header_line_height_phone=\u00a0\u00bb\u00a0\u00bb header_line_height_last_edited=\u00a0\u00bbon|phone\u00a0\u00bb use_border_color=\u00a0\u00bboff\u00a0\u00bb border_style=\u00a0\u00bbsolid\u00a0\u00bb global_colors_info=\u00a0\u00bb{}\u00a0\u00bb sticky_enabled=\u00a0\u00bb0&Prime;]<\/p>\n<h2>Pr\u00e9sentation<\/h2>\n<p>La Maison d&rsquo;Accueil Sp\u00e9cialis\u00e9e (MAS) Galil\u00e9e, inaugur\u00e9e en <b>ao\u00fbt 2005<\/b>, a \u00e9t\u00e9 sp\u00e9cifiquement con\u00e7ue pour offrir un accompagnement <b>sp\u00e9cialis\u00e9, permanent et s\u00e9curis\u00e9<\/b> \u00e0 des adultes pr\u00e9sentant une <b>grande d\u00e9pendance<\/b>, souvent due \u00e0 des troubles neurologiques, des polyhandicaps ou des troubles cognitifs s\u00e9v\u00e8res.<\/p>\n<p>Face \u00e0 un besoin croissant, l&rsquo;\u00e9tablissement a connu un <b>agrandissement majeur en 2015<\/b>. Ces travaux ont permis la cr\u00e9ation de <b>nouveaux espaces de vie<\/b> aux extr\u00e9mit\u00e9s du b\u00e2timent, offrant ainsi une organisation en <b>unit\u00e9s \u00e0 taille humaine<\/b>. Chaque \u00e9tage propose d\u00e9sormais <b>deux appartements de vie<\/b>, accueillant chacun dix r\u00e9sidents par aile.<\/p>\n<p>Aujourd&rsquo;hui, la MAS Galil\u00e9e dispose d&rsquo;une capacit\u00e9 d&rsquo;accueil de <b>72 places<\/b>, r\u00e9parties comme suit :<\/p>\n<ul>\n<li><b>59 places en internat<\/b><\/li>\n<li><b>13 places en accueil de jour (ADJ)<\/b><\/li>\n<li><b>2 places en accueil temporaire (AT)<\/b><\/li>\n<\/ul>\n<p>)<\/p>\n<p>[\/et_pb_text][\/et_pb_column][\/et_pb_row][\/et_pb_section][et_pb_section fb_built=\u00a0\u00bb1&Prime; custom_padding_last_edited=\u00a0\u00bbon|phone\u00a0\u00bb admin_label=\u00a0\u00bbSection 2 &#8211; Fiche Etablissement\u00a0\u00bb _builder_version=\u00a0\u00bb4.16&Prime; custom_padding=\u00a0\u00bb0px||0px|\u00a0\u00bb custom_padding_tablet=\u00a0\u00bb|12px||12px\u00a0\u00bb custom_padding_phone=\u00a0\u00bb\u00a0\u00bb transparent_background=\u00a0\u00bboff\u00a0\u00bb make_fullwidth=\u00a0\u00bboff\u00a0\u00bb use_custom_width=\u00a0\u00bboff\u00a0\u00bb width_unit=\u00a0\u00bboff\u00a0\u00bb custom_width_px=\u00a0\u00bb1080px\u00a0\u00bb custom_width_percent=\u00a0\u00bb80%\u00a0\u00bb global_colors_info=\u00a0\u00bb{}\u00a0\u00bb][et_pb_row column_structure=\u00a0\u00bb1_2,1_2&Prime; use_custom_gutter=\u00a0\u00bbon\u00a0\u00bb make_equal=\u00a0\u00bbon\u00a0\u00bb disabled_on=\u00a0\u00bbon|on|on\u00a0\u00bb admin_label=\u00a0\u00bbrow\u00a0\u00bb _builder_version=\u00a0\u00bb4.16&Prime; background_size=\u00a0\u00bbinitial\u00a0\u00bb background_position=\u00a0\u00bbtop_left\u00a0\u00bb background_repeat=\u00a0\u00bbrepeat\u00a0\u00bb custom_padding=\u00a0\u00bb0px|0px|0px|0px\u00a0\u00bb make_fullwidth=\u00a0\u00bboff\u00a0\u00bb use_custom_width=\u00a0\u00bboff\u00a0\u00bb width_unit=\u00a0\u00bboff\u00a0\u00bb disabled=\u00a0\u00bbon\u00a0\u00bb global_colors_info=\u00a0\u00bb{}\u00a0\u00bb][et_pb_column type=\u00a0\u00bb1_2&Prime; _builder_version=\u00a0\u00bb4.16&Prime; background_color=\u00a0\u00bbrgba(147,147,147,0.66)\u00a0\u00bb custom_padding=\u00a0\u00bb20px|28px|20px|24px\u00a0\u00bb global_colors_info=\u00a0\u00bb{}\u00a0\u00bb custom_padding__hover=\u00a0\u00bb|||\u00a0\u00bb][et_pb_blurb title=\u00a0\u00bbPublic accueilli\u00a0\u00bb use_icon=\u00a0\u00bbon\u00a0\u00bb font_icon=\u00a0\u00bb&#x55;||divi||400&Prime; icon_color=\u00a0\u00bb#ffffff\u00a0\u00bb icon_placement=\u00a0\u00bbleft\u00a0\u00bb admin_label=\u00a0\u00bbBlurb &#8211; Public Accueilli\u00a0\u00bb _builder_version=\u00a0\u00bb4.16&Prime; header_font=\u00a0\u00bb|on|||\u00a0\u00bb header_font_size=\u00a0\u00bb20px\u00a0\u00bb background_size=\u00a0\u00bbinitial\u00a0\u00bb background_position=\u00a0\u00bbtop_left\u00a0\u00bb background_repeat=\u00a0\u00bbrepeat\u00a0\u00bb background_layout=\u00a0\u00bbdark\u00a0\u00bb custom_margin=\u00a0\u00bb|||\u00a0\u00bb custom_padding=\u00a0\u00bb|||\u00a0\u00bb animation=\u00a0\u00bbright\u00a0\u00bb body_font_size_tablet=\u00a0\u00bb16px\u00a0\u00bb body_font_size_phone=\u00a0\u00bb\u00a0\u00bb body_font_size_last_edited=\u00a0\u00bbon|tablet\u00a0\u00bb use_border_color=\u00a0\u00bboff\u00a0\u00bb border_color=\u00a0\u00bb#ffffff\u00a0\u00bb border_width=\u00a0\u00bb1px\u00a0\u00bb border_style=\u00a0\u00bbsolid\u00a0\u00bb global_colors_info=\u00a0\u00bb{}\u00a0\u00bb]<\/p>\n<p class=\"p1\">La r\u00e9sidence Galil\u00e9e est un \u00e9tablissement accueillant des adultes pr\u00e9sentant \u00ab un retard profond ou s\u00e9v\u00e8re et des troubles associ\u00e9s \u00bb n\u00e9cessitant l\u2019intervention d\u2019une \u00e9quipe m\u00e9dico-\u00e9ducative afin d\u2019assurer les actes essentielles de la vie ainsi que les soins constants s\u2019y aff\u00e9rant.<br \/>\nConform\u00e9ment aux arr\u00eat\u00e9s de fonctionnement\u00a0 la Maison d\u2019Accueil Sp\u00e9cialis\u00e9e est agr\u00e9\u00e9e pour l\u2019accueil de 74 adultes. Ils sont r\u00e9partis pour l\u2019h\u00e9bergement en 61 places dont deux en accueil temporaire dans 6 appartements et 13 places en accueil de jour.<\/p>\n<p>[\/et_pb_blurb][et_pb_blurb title=\u00a0\u00bbType de prise en charge\u00a0\u00bb use_icon=\u00a0\u00bbon\u00a0\u00bb font_icon=\u00a0\u00bb&#x5a;||divi||400&Prime; icon_color=\u00a0\u00bb#ffffff\u00a0\u00bb icon_placement=\u00a0\u00bbleft\u00a0\u00bb admin_label=\u00a0\u00bbBlurb &#8211; Type de prise en charge\u00a0\u00bb _builder_version=\u00a0\u00bb4.16&Prime; header_font=\u00a0\u00bb|on|||\u00a0\u00bb header_font_size=\u00a0\u00bb20px\u00a0\u00bb background_size=\u00a0\u00bbinitial\u00a0\u00bb background_position=\u00a0\u00bbtop_left\u00a0\u00bb background_repeat=\u00a0\u00bbrepeat\u00a0\u00bb background_layout=\u00a0\u00bbdark\u00a0\u00bb custom_margin=\u00a0\u00bb48px|||\u00a0\u00bb custom_padding=\u00a0\u00bb|||\u00a0\u00bb animation=\u00a0\u00bbright\u00a0\u00bb body_font_size_tablet=\u00a0\u00bb16px\u00a0\u00bb body_font_size_phone=\u00a0\u00bb\u00a0\u00bb body_font_size_last_edited=\u00a0\u00bbon|desktop\u00a0\u00bb use_border_color=\u00a0\u00bboff\u00a0\u00bb border_color=\u00a0\u00bb#ffffff\u00a0\u00bb border_width=\u00a0\u00bb1px\u00a0\u00bb border_style=\u00a0\u00bbsolid\u00a0\u00bb global_colors_info=\u00a0\u00bb{}\u00a0\u00bb]<\/p>\n<p class=\"p1\">Le personnel est compos\u00e9 : d\u2019aides-soignants, d\u2019aides m\u00e9dico-psychologiques, d\u2019\u00e9ducateurs sp\u00e9cialis\u00e9s, d\u2019infirmi\u00e8res, de m\u00e9decins, d\u2019un ergoth\u00e9rapeute, de psychologues, d\u2019agents d\u2019entretien, d\u2019un service animation, de chefs de services et d\u2019un directeur. L\u2019effectif total du personnel est de 93.5 ETP.<\/p>\n<p class=\"p1\">La r\u00e9sidence a pass\u00e9 des conventions avec des sp\u00e9cialistes afin de proposer une offre de service aupr\u00e8s de kin\u00e9sith\u00e9rapeutes, d\u2019orthophonistes et du centre de soins de l\u2019h\u00f4pital d\u2019Erstein.<\/p>\n<p>[\/et_pb_blurb][\/et_pb_column][et_pb_column type=\u00a0\u00bb1_2&Prime; _builder_version=\u00a0\u00bb4.16&Prime; background_color=\u00a0\u00bb#939393&Prime; custom_padding=\u00a0\u00bb20px|28px|20px|24px\u00a0\u00bb global_colors_info=\u00a0\u00bb{}\u00a0\u00bb custom_padding__hover=\u00a0\u00bb|||\u00a0\u00bb][et_pb_blurb title=\u00a0\u00bbNos engagements et objectifs\u00a0\u00bb use_icon=\u00a0\u00bbon\u00a0\u00bb font_icon=\u00a0\u00bb&#xe60f;||divi||400&Prime; icon_color=\u00a0\u00bb#ffffff\u00a0\u00bb icon_placement=\u00a0\u00bbleft\u00a0\u00bb admin_label=\u00a0\u00bbBlurb &#8211; Engagements et objectifs\u00a0\u00bb _builder_version=\u00a0\u00bb4.16&Prime; header_font=\u00a0\u00bb|on|||\u00a0\u00bb header_font_size=\u00a0\u00bb20px\u00a0\u00bb header_line_height=\u00a0\u00bb1.2em\u00a0\u00bb body_text_color=\u00a0\u00bb#ffffff\u00a0\u00bb background_size=\u00a0\u00bbinitial\u00a0\u00bb background_position=\u00a0\u00bbtop_left\u00a0\u00bb background_repeat=\u00a0\u00bbrepeat\u00a0\u00bb background_layout=\u00a0\u00bbdark\u00a0\u00bb custom_margin=\u00a0\u00bb|||\u00a0\u00bb animation=\u00a0\u00bbright\u00a0\u00bb body_font_size_tablet=\u00a0\u00bb16px\u00a0\u00bb body_font_size_phone=\u00a0\u00bb\u00a0\u00bb body_font_size_last_edited=\u00a0\u00bbon|phone\u00a0\u00bb use_border_color=\u00a0\u00bboff\u00a0\u00bb border_color=\u00a0\u00bb#ffffff\u00a0\u00bb border_width=\u00a0\u00bb1px\u00a0\u00bb border_style=\u00a0\u00bbsolid\u00a0\u00bb global_colors_info=\u00a0\u00bb{}\u00a0\u00bb]Le projet d\u2019\u00e9tablissement est \u00e9tabli pour une dur\u00e9e de cinq ans et fait l\u2019objet d\u2019une \u00e9valuation annuelle qui apporte les ajustements n\u00e9cessaires. Fortement ancr\u00e9 dans les valeurs et le projet associatif, il prend appui sur les recommandations de l\u2019ANESM et int\u00e8gre les missions qui ont \u00e9t\u00e9 d\u00e9finies par le l\u00e9gislateur.<span class=\"s1\"><br \/>\n<\/span>Les objectifs d\u00e9velopp\u00e9s dans le projet tendent \u00e0 construire un accompagnement de qualit\u00e9 adapt\u00e9 \u00e0 la situation des personnes. Ils s\u2019articulent autour de trois dimensions :<\/p>\n<ul>\n<li>Educative, favorisant la socialisation, le contact entre les personnes internes et externes de l\u2019\u00e9tablissement, l\u2019int\u00e9gration dans l\u2019environnement social de proximit\u00e9.<\/li>\n<li>P\u00e9dagogique et de recherche afin de d\u00e9velopper les apprentissages et les savoir-faire se rapportant \u00e0 la communication, au langage, aux processus cognitifs et \u00e9motionnels.<\/li>\n<li>M\u00e9dicale, se rapportant au\u00a0 suivi des soins mais \u00e9galement \u00e0 la prise en compte des particularit\u00e9s li\u00e9es aux diff\u00e9rents handicaps et des approches et changements qu\u2019ils impliquent.<\/li>\n<\/ul>\n<p>L\u2019\u00e9tablissement s\u2019inscrit dans une dynamique associative qui tient compte des probl\u00e9matiques transverses aux \u00e9tablissements et qui fait l\u2019objet au sein de la r\u00e9sidence de groupes de travail sur :<\/p>\n<ul>\n<li>la vie affective et sexuelle<\/li>\n<li>la bientraitance et la maltraitance<\/li>\n<li>le d\u00e9veloppement durable<\/li>\n<li>le b\u00e9n\u00e9volat<\/li>\n<li>la citoyennet\u00e9<\/li>\n<\/ul>\n<p>[\/et_pb_blurb][\/et_pb_column][\/et_pb_row][et_pb_row column_structure=\u00a0\u00bb1_4,3_4&Prime; disabled_on=\u00a0\u00bbon|on|on\u00a0\u00bb admin_label=\u00a0\u00bbLigne\u00a0\u00bb _builder_version=\u00a0\u00bb4.16&Prime; background_size=\u00a0\u00bbinitial\u00a0\u00bb background_position=\u00a0\u00bbtop_left\u00a0\u00bb background_repeat=\u00a0\u00bbrepeat\u00a0\u00bb custom_padding=\u00a0\u00bb20px|0px|20px|0px\u00a0\u00bb make_fullwidth=\u00a0\u00bboff\u00a0\u00bb use_custom_width=\u00a0\u00bboff\u00a0\u00bb width_unit=\u00a0\u00bboff\u00a0\u00bb disabled=\u00a0\u00bbon\u00a0\u00bb global_colors_info=\u00a0\u00bb{}\u00a0\u00bb][et_pb_column type=\u00a0\u00bb1_4&Prime; _builder_version=\u00a0\u00bb4.16&Prime; custom_padding=\u00a0\u00bb|||\u00a0\u00bb global_colors_info=\u00a0\u00bb{}\u00a0\u00bb custom_padding__hover=\u00a0\u00bb|||\u00a0\u00bb][et_pb_blurb title=\u00a0\u00bbModalit\u00e9s d\u2019admission\u00a0\u00bb use_icon=\u00a0\u00bbon\u00a0\u00bb font_icon=\u00a0\u00bb&#x6c;||divi||400&Prime; icon_color=\u00a0\u00bb#a8a8a8&Prime; icon_placement=\u00a0\u00bbleft\u00a0\u00bb image_icon_width=\u00a0\u00bb46px\u00a0\u00bb admin_label=\u00a0\u00bbBlurb &#8211; Modalit\u00e9s d&rsquo;admission\u00a0\u00bb _builder_version=\u00a0\u00bb4.16&Prime; header_font=\u00a0\u00bb|on|||\u00a0\u00bb header_text_color=\u00a0\u00bb#a8a8a8&Prime; header_font_size=\u00a0\u00bb24px\u00a0\u00bb body_text_color=\u00a0\u00bb#a8a8a8&Prime; background_size=\u00a0\u00bbinitial\u00a0\u00bb background_position=\u00a0\u00bbtop_left\u00a0\u00bb background_repeat=\u00a0\u00bbrepeat\u00a0\u00bb background_layout=\u00a0\u00bbdark\u00a0\u00bb animation=\u00a0\u00bbright\u00a0\u00bb use_border_color=\u00a0\u00bboff\u00a0\u00bb border_color=\u00a0\u00bb#ffffff\u00a0\u00bb border_width=\u00a0\u00bb1px\u00a0\u00bb border_style=\u00a0\u00bbsolid\u00a0\u00bb icon_font_size=\u00a0\u00bb46px\u00a0\u00bb global_colors_info=\u00a0\u00bb{}\u00a0\u00bb] [\/et_pb_blurb][\/et_pb_column][et_pb_column type=\u00a0\u00bb3_4&Prime; _builder_version=\u00a0\u00bb4.16&Prime; custom_padding=\u00a0\u00bb|28px||24px\u00a0\u00bb global_colors_info=\u00a0\u00bb{}\u00a0\u00bb custom_padding__hover=\u00a0\u00bb|||\u00a0\u00bb][et_pb_text admin_label=\u00a0\u00bbTexte &#8211; Modalit\u00e9s d&rsquo;admission\u00a0\u00bb _builder_version=\u00a0\u00bb4.16&Prime; background_size=\u00a0\u00bbinitial\u00a0\u00bb background_position=\u00a0\u00bbtop_left\u00a0\u00bb background_repeat=\u00a0\u00bbrepeat\u00a0\u00bb text_font_size_tablet=\u00a0\u00bb16px\u00a0\u00bb text_font_size_phone=\u00a0\u00bb\u00a0\u00bb text_font_size_last_edited=\u00a0\u00bbon|tablet\u00a0\u00bb use_border_color=\u00a0\u00bboff\u00a0\u00bb border_style=\u00a0\u00bbsolid\u00a0\u00bb global_colors_info=\u00a0\u00bb{}\u00a0\u00bb]<\/p>\n<p class=\"p1\">Les demandes d\u2019admission sont nombreuses et souvent urgentes. Il existe une liste d\u2019attente g\u00e9r\u00e9e par la Direction. La MDPH (Maison\u00a0D\u00e9partementale des\u00a0Personnes Handicap\u00e9es) d\u00e9finit l\u2019orientation et les diff\u00e9rentes prestations auxquelles la personne peut pr\u00e9tendre (notification d\u2019orientation en MAS <b>n\u00e9cessaire \u00e0 toute admission<\/b>). L\u2019\u00e9tablissement organise une commission d\u2019admission une fois par trimestre. Elle \u00e9tudie le dossier complet\u00a0: dossier\u00a0<b>\u00e9l\u00e9ments sociaux<\/b>\u00a0et\u00a0<b>dossier \u00e9l\u00e9ments m\u00e9dicaux.\u00a0<\/b>Compos\u00e9e du m\u00e9decin, du chef de service \u00e9ducatif, du psychologue et du directeur, elle peut demander un compl\u00e9ment d\u2019informations, une \u00e9valuation, un bilan compl\u00e9mentaire.<\/p>\n<p>[\/et_pb_text][\/et_pb_column][\/et_pb_row][et_pb_row admin_label=\u00a0\u00bbLigne\u00a0\u00bb _builder_version=\u00a0\u00bb4.16&Prime; background_size=\u00a0\u00bbinitial\u00a0\u00bb background_position=\u00a0\u00bbtop_left\u00a0\u00bb background_repeat=\u00a0\u00bbrepeat\u00a0\u00bb global_colors_info=\u00a0\u00bb{}\u00a0\u00bb][et_pb_column type=\u00a0\u00bb4_4&Prime; _builder_version=\u00a0\u00bb4.16&Prime; custom_padding=\u00a0\u00bb|||\u00a0\u00bb global_colors_info=\u00a0\u00bb{}\u00a0\u00bb custom_padding__hover=\u00a0\u00bb|||\u00a0\u00bb][et_pb_toggle title=\u00a0\u00bbPublic accueilli\u00a0\u00bb admin_label=\u00a0\u00bbBascule\u00a0\u00bb _builder_version=\u00a0\u00bb4.16&Prime; background_size=\u00a0\u00bbinitial\u00a0\u00bb background_position=\u00a0\u00bbtop_left\u00a0\u00bb background_repeat=\u00a0\u00bbrepeat\u00a0\u00bb use_border_color=\u00a0\u00bboff\u00a0\u00bb border_color=\u00a0\u00bb#ffffff\u00a0\u00bb border_style=\u00a0\u00bbsolid\u00a0\u00bb global_colors_info=\u00a0\u00bb{}\u00a0\u00bb]La r\u00e9sidence Galil\u00e9e est un \u00e9tablissement accueillant des adultes pr\u00e9sentant \u00ab un retard profond ou s\u00e9v\u00e8re et des troubles associ\u00e9s \u00bb n\u00e9cessitant l\u2019intervention d\u2019une \u00e9quipe m\u00e9dico-\u00e9ducative afin d\u2019assurer les actes essentielles de la vie ainsi que les soins constants s\u2019y aff\u00e9rant.<br \/>\nConform\u00e9ment aux arr\u00eat\u00e9s de fonctionnement\u00a0 la Maison d\u2019Accueil Sp\u00e9cialis\u00e9e est agr\u00e9\u00e9e pour l\u2019accueil de 74 adultes. Ils sont r\u00e9partis pour l\u2019h\u00e9bergement en 61 places dont deux en accueil temporaire dans 6 appartements et 13 places en accueil de jour.<br \/>\n[\/et_pb_toggle][et_pb_toggle title=\u00a0\u00bbType de prise en charge\u00a0\u00bb admin_label=\u00a0\u00bbBascule\u00a0\u00bb _builder_version=\u00a0\u00bb4.16&Prime; background_size=\u00a0\u00bbinitial\u00a0\u00bb background_position=\u00a0\u00bbtop_left\u00a0\u00bb background_repeat=\u00a0\u00bbrepeat\u00a0\u00bb use_border_color=\u00a0\u00bboff\u00a0\u00bb border_color=\u00a0\u00bb#ffffff\u00a0\u00bb border_style=\u00a0\u00bbsolid\u00a0\u00bb global_colors_info=\u00a0\u00bb{}\u00a0\u00bb]<\/p>\n<p class=\"p1\">Le personnel est compos\u00e9 : d\u2019aides-soignants, d\u2019aides m\u00e9dico-psychologiques, d\u2019\u00e9ducateurs sp\u00e9cialis\u00e9s, d\u2019infirmi\u00e8res, de m\u00e9decins, d\u2019un ergoth\u00e9rapeute, de psychologues, d\u2019agents d\u2019entretien, d\u2019un service animation, de chefs de services et d\u2019un directeur. L\u2019effectif total du personnel est de 93.5 ETP.<\/p>\n<p class=\"p1\">La r\u00e9sidence a pass\u00e9 des conventions avec des sp\u00e9cialistes afin de proposer une offre de service aupr\u00e8s de kin\u00e9sith\u00e9rapeutes, d\u2019orthophonistes et du centre de soins de l\u2019h\u00f4pital d\u2019Erstein.<\/p>\n<p>[\/et_pb_toggle][et_pb_toggle title=\u00a0\u00bbNos engagements et objectifs\u00a0\u00bb admin_label=\u00a0\u00bbBascule\u00a0\u00bb _builder_version=\u00a0\u00bb4.16&Prime; background_size=\u00a0\u00bbinitial\u00a0\u00bb background_position=\u00a0\u00bbtop_left\u00a0\u00bb background_repeat=\u00a0\u00bbrepeat\u00a0\u00bb use_border_color=\u00a0\u00bboff\u00a0\u00bb border_color=\u00a0\u00bb#ffffff\u00a0\u00bb border_style=\u00a0\u00bbsolid\u00a0\u00bb global_colors_info=\u00a0\u00bb{}\u00a0\u00bb]Le projet d\u2019\u00e9tablissement est \u00e9tabli pour une dur\u00e9e de cinq ans et fait l\u2019objet d\u2019une \u00e9valuation annuelle qui apporte les ajustements n\u00e9cessaires. Fortement ancr\u00e9 dans les valeurs et le projet associatif, il prend appui sur les recommandations de l\u2019ANESM et int\u00e8gre les missions qui ont \u00e9t\u00e9 d\u00e9finies par le l\u00e9gislateur.<span class=\"s1\"><br \/>\n<\/span>Les objectifs d\u00e9velopp\u00e9s dans le projet tendent \u00e0 construire un accompagnement de qualit\u00e9 adapt\u00e9 \u00e0 la situation des personnes. Ils s\u2019articulent autour de trois dimensions :<\/p>\n<ul>\n<li>Educative, favorisant la socialisation, le contact entre les personnes internes et externes de l\u2019\u00e9tablissement, l\u2019int\u00e9gration dans l\u2019environnement social de proximit\u00e9.<\/li>\n<li>P\u00e9dagogique et de recherche afin de d\u00e9velopper les apprentissages et les savoir-faire se rapportant \u00e0 la communication, au langage, aux processus cognitifs et \u00e9motionnels.<\/li>\n<li>M\u00e9dicale, se rapportant au\u00a0 suivi des soins mais \u00e9galement \u00e0 la prise en compte des particularit\u00e9s li\u00e9es aux diff\u00e9rents handicaps et des approches et changements qu\u2019ils impliquent.<\/li>\n<\/ul>\n<p>L\u2019\u00e9tablissement s\u2019inscrit dans une dynamique associative qui tient compte des probl\u00e9matiques transverses aux \u00e9tablissements et qui fait l\u2019objet au sein de la r\u00e9sidence de groupes de travail sur :<\/p>\n<ul>\n<li>la vie affective et sexuelle<\/li>\n<li>la bientraitance et la maltraitance<\/li>\n<li>le d\u00e9veloppement durable<\/li>\n<li>le b\u00e9n\u00e9volat<\/li>\n<li>la citoyennet\u00e9<\/li>\n<\/ul>\n<p>[\/et_pb_toggle][et_pb_toggle title=\u00a0\u00bbModalit\u00e9s d&rsquo;Admission\u00a0\u00bb admin_label=\u00a0\u00bbBascule\u00a0\u00bb _builder_version=\u00a0\u00bb4.16&Prime; background_size=\u00a0\u00bbinitial\u00a0\u00bb background_position=\u00a0\u00bbtop_left\u00a0\u00bb background_repeat=\u00a0\u00bbrepeat\u00a0\u00bb use_border_color=\u00a0\u00bboff\u00a0\u00bb border_color=\u00a0\u00bb#ffffff\u00a0\u00bb border_style=\u00a0\u00bbsolid\u00a0\u00bb global_colors_info=\u00a0\u00bb{}\u00a0\u00bb]Les demandes d\u2019admission sont nombreuses et souvent urgentes. Il existe une liste d\u2019attente g\u00e9r\u00e9e par la Direction. La MDPH (Maison\u00a0D\u00e9partementale des\u00a0Personnes Handicap\u00e9es) d\u00e9finit l\u2019orientation et les diff\u00e9rentes prestations auxquelles la personne peut pr\u00e9tendre (notification d\u2019orientation en MAS <b>n\u00e9cessaire \u00e0 toute admission<\/b>). L\u2019\u00e9tablissement organise une commission d\u2019admission une fois par trimestre. Elle \u00e9tudie le dossier complet\u00a0: dossier\u00a0<b>\u00e9l\u00e9ments sociaux<\/b>\u00a0et\u00a0<b>dossier \u00e9l\u00e9ments m\u00e9dicaux.\u00a0<\/b>Compos\u00e9e du m\u00e9decin, du chef de service \u00e9ducatif, du psychologue et du directeur, elle peut demander un compl\u00e9ment d\u2019informations, une \u00e9valuation, un bilan compl\u00e9mentaire.<br \/>\n[\/et_pb_toggle][\/et_pb_column][\/et_pb_row][\/et_pb_section]<\/p>\n","protected":false},"excerpt":{"rendered":"<p>&gt; Adultes polyhandicap\u00e9s ou plurihandicap\u00e9s Contact Directrice du P\u00f4le Accueil Sp\u00e9cialis\u00e9 : V\u00e9ronique GIOTDirectrice D\u00e9l\u00e9gu\u00e9e : Myriam ACKERMANNCheffe de service : Eve MURECheffe de service : V\u00e9ronique POISBEAUAdministratrice r\u00e9f\u00e9rente : Marie-Jos\u00e9e BICH-STRAUBT\u00e9l.\u00a003 88 10 35 70 Adresse 6 place Galil\u00e9e 67380 Lingolsheim Pr\u00e9sentation La Maison d&rsquo;Accueil Sp\u00e9cialis\u00e9e (MAS) Galil\u00e9e, inaugur\u00e9e en ao\u00fbt 2005, a \u00e9t\u00e9 [&hellip;]<\/p>\n","protected":false},"author":1,"featured_media":0,"comment_status":"open","ping_status":"open","sticky":false,"template":"","format":"standard","meta":{"_et_pb_use_builder":"on","_et_pb_old_content":"","_et_gb_content_width":"","footnotes":""},"categories":[9,27,21],"tags":[],"class_list":["post-717","post","type-post","status-publish","format-standard","hentry","category-nord-alsace","category-mas","category-pole-accueil-specialise"],"yoast_head":"<!-- This site is optimized with the Yoast SEO plugin v28.4 - https:\/\/yoast.com\/product\/yoast-seo-wordpress\/ -->\n<title>Maison d\u2019Accueil Sp\u00e9cialis\u00e9 Lingolsheim - R\u00e9sidence Galil\u00e9e - Adapei Papillons Blancs d&#039;Alsace<\/title>\n<meta name=\"robots\" content=\"index, follow, max-snippet:-1, max-image-preview:large, max-video-preview:-1\" \/>\n<link rel=\"canonical\" href=\"https:\/\/adapeipapillonsblancs.alsace\/index.php\/2017\/02\/04\/residence-galilee\/\" \/>\n<meta property=\"og:locale\" content=\"fr_FR\" \/>\n<meta property=\"og:type\" content=\"article\" \/>\n<meta property=\"og:title\" content=\"Maison d\u2019Accueil Sp\u00e9cialis\u00e9 Lingolsheim - R\u00e9sidence Galil\u00e9e - Adapei Papillons Blancs d&#039;Alsace\" \/>\n<meta property=\"og:description\" content=\"&gt; Adultes polyhandicap\u00e9s ou plurihandicap\u00e9s Contact Directrice du P\u00f4le Accueil Sp\u00e9cialis\u00e9 : V\u00e9ronique GIOTDirectrice D\u00e9l\u00e9gu\u00e9e : Myriam ACKERMANNCheffe de service : Eve MURECheffe de service : V\u00e9ronique POISBEAUAdministratrice r\u00e9f\u00e9rente : Marie-Jos\u00e9e BICH-STRAUBT\u00e9l.\u00a003 88 10 35 70 Adresse 6 place Galil\u00e9e 67380 Lingolsheim Pr\u00e9sentation La Maison d&#039;Accueil Sp\u00e9cialis\u00e9e (MAS) Galil\u00e9e, inaugur\u00e9e en ao\u00fbt 2005, a \u00e9t\u00e9 [&hellip;]\" \/>\n<meta property=\"og:url\" content=\"https:\/\/adapeipapillonsblancs.alsace\/index.php\/2017\/02\/04\/residence-galilee\/\" \/>\n<meta property=\"og:site_name\" content=\"Adapei Papillons Blancs d&#039;Alsace\" \/>\n<meta property=\"article:published_time\" content=\"2017-02-04T10:04:08+00:00\" \/>\n<meta property=\"article:modified_time\" content=\"2025-07-23T06:14:08+00:00\" \/>\n<meta name=\"author\" content=\"APBA_Admin\" \/>\n<meta name=\"twitter:card\" content=\"summary_large_image\" \/>\n<meta name=\"twitter:label1\" content=\"\u00c9crit par\" \/>\n\t<meta name=\"twitter:data1\" content=\"APBA_Admin\" \/>\n\t<meta name=\"twitter:label2\" content=\"Dur\u00e9e de lecture estim\u00e9e\" \/>\n\t<meta name=\"twitter:data2\" content=\"15 minutes\" \/>\n<!-- \/ Yoast SEO plugin. -->","yoast_head_json":{"title":"Maison d\u2019Accueil Sp\u00e9cialis\u00e9 Lingolsheim - R\u00e9sidence Galil\u00e9e - Adapei Papillons Blancs d&#039;Alsace","robots":{"index":"index","follow":"follow","max-snippet":"max-snippet:-1","max-image-preview":"max-image-preview:large","max-video-preview":"max-video-preview:-1"},"canonical":"https:\/\/adapeipapillonsblancs.alsace\/index.php\/2017\/02\/04\/residence-galilee\/","og_locale":"fr_FR","og_type":"article","og_title":"Maison d\u2019Accueil Sp\u00e9cialis\u00e9 Lingolsheim - R\u00e9sidence Galil\u00e9e - Adapei Papillons Blancs d&#039;Alsace","og_description":"&gt; Adultes polyhandicap\u00e9s ou plurihandicap\u00e9s Contact Directrice du P\u00f4le Accueil Sp\u00e9cialis\u00e9 : V\u00e9ronique GIOTDirectrice D\u00e9l\u00e9gu\u00e9e : Myriam ACKERMANNCheffe de service : Eve MURECheffe de service : V\u00e9ronique POISBEAUAdministratrice r\u00e9f\u00e9rente : Marie-Jos\u00e9e BICH-STRAUBT\u00e9l.\u00a003 88 10 35 70 Adresse 6 place Galil\u00e9e 67380 Lingolsheim Pr\u00e9sentation La Maison d'Accueil Sp\u00e9cialis\u00e9e (MAS) Galil\u00e9e, inaugur\u00e9e en ao\u00fbt 2005, a \u00e9t\u00e9 [&hellip;]","og_url":"https:\/\/adapeipapillonsblancs.alsace\/index.php\/2017\/02\/04\/residence-galilee\/","og_site_name":"Adapei Papillons Blancs d&#039;Alsace","article_published_time":"2017-02-04T10:04:08+00:00","article_modified_time":"2025-07-23T06:14:08+00:00","author":"APBA_Admin","twitter_card":"summary_large_image","twitter_misc":{"\u00c9crit par":"APBA_Admin","Dur\u00e9e de lecture estim\u00e9e":"15 minutes"},"schema":{"@context":"https:\/\/schema.org","@graph":[{"@type":"Article","@id":"https:\/\/adapeipapillonsblancs.alsace\/index.php\/2017\/02\/04\/residence-galilee\/#article","isPartOf":{"@id":"https:\/\/adapeipapillonsblancs.alsace\/index.php\/2017\/02\/04\/residence-galilee\/"},"author":{"name":"APBA_Admin","@id":"https:\/\/adapeipapillonsblancs.alsace\/#\/schema\/person\/ed34171a9b1882f95d3f84f797aadc82"},"headline":"Maison d\u2019Accueil Sp\u00e9cialis\u00e9 Lingolsheim &#8211; R\u00e9sidence Galil\u00e9e","datePublished":"2017-02-04T10:04:08+00:00","dateModified":"2025-07-23T06:14:08+00:00","mainEntityOfPage":{"@id":"https:\/\/adapeipapillonsblancs.alsace\/index.php\/2017\/02\/04\/residence-galilee\/"},"wordCount":3083,"commentCount":0,"articleSection":["Alsace Nord","MAS","P\u00f4le Accueil Sp\u00e9cialis\u00e9"],"inLanguage":"fr-FR","potentialAction":[{"@type":"CommentAction","name":"Comment","target":["https:\/\/adapeipapillonsblancs.alsace\/index.php\/2017\/02\/04\/residence-galilee\/#respond"]}]},{"@type":"WebPage","@id":"https:\/\/adapeipapillonsblancs.alsace\/index.php\/2017\/02\/04\/residence-galilee\/","url":"https:\/\/adapeipapillonsblancs.alsace\/index.php\/2017\/02\/04\/residence-galilee\/","name":"Maison d\u2019Accueil Sp\u00e9cialis\u00e9 Lingolsheim - R\u00e9sidence Galil\u00e9e - Adapei Papillons Blancs d&#039;Alsace","isPartOf":{"@id":"https:\/\/adapeipapillonsblancs.alsace\/#website"},"datePublished":"2017-02-04T10:04:08+00:00","dateModified":"2025-07-23T06:14:08+00:00","author":{"@id":"https:\/\/adapeipapillonsblancs.alsace\/#\/schema\/person\/ed34171a9b1882f95d3f84f797aadc82"},"breadcrumb":{"@id":"https:\/\/adapeipapillonsblancs.alsace\/index.php\/2017\/02\/04\/residence-galilee\/#breadcrumb"},"inLanguage":"fr-FR","potentialAction":[{"@type":"ReadAction","target":["https:\/\/adapeipapillonsblancs.alsace\/index.php\/2017\/02\/04\/residence-galilee\/"]}]},{"@type":"BreadcrumbList","@id":"https:\/\/adapeipapillonsblancs.alsace\/index.php\/2017\/02\/04\/residence-galilee\/#breadcrumb","itemListElement":[{"@type":"ListItem","position":1,"name":"Accueil","item":"https:\/\/adapeipapillonsblancs.alsace\/"},{"@type":"ListItem","position":2,"name":"Maison d\u2019Accueil Sp\u00e9cialis\u00e9 Lingolsheim &#8211; R\u00e9sidence Galil\u00e9e"}]},{"@type":"WebSite","@id":"https:\/\/adapeipapillonsblancs.alsace\/#website","url":"https:\/\/adapeipapillonsblancs.alsace\/","name":"Adapei Papillons Blancs d&#039;Alsace","description":"Ensemble, plus loin, plus fort !","potentialAction":[{"@type":"SearchAction","target":{"@type":"EntryPoint","urlTemplate":"https:\/\/adapeipapillonsblancs.alsace\/?s={search_term_string}"},"query-input":{"@type":"PropertyValueSpecification","valueRequired":true,"valueName":"search_term_string"}}],"inLanguage":"fr-FR"},{"@type":"Person","@id":"https:\/\/adapeipapillonsblancs.alsace\/#\/schema\/person\/ed34171a9b1882f95d3f84f797aadc82","name":"APBA_Admin","image":{"@type":"ImageObject","inLanguage":"fr-FR","@id":"https:\/\/secure.gravatar.com\/avatar\/3be690d82ef8d1aebcdc03ccd329a9f5522a42e27d7b0409920c18ff0bc3f3ec?s=96&d=mm&r=g","url":"https:\/\/secure.gravatar.com\/avatar\/3be690d82ef8d1aebcdc03ccd329a9f5522a42e27d7b0409920c18ff0bc3f3ec?s=96&d=mm&r=g","contentUrl":"https:\/\/secure.gravatar.com\/avatar\/3be690d82ef8d1aebcdc03ccd329a9f5522a42e27d7b0409920c18ff0bc3f3ec?s=96&d=mm&r=g","caption":"APBA_Admin"},"url":"https:\/\/adapeipapillonsblancs.alsace\/index.php\/author\/apba_admin\/"}]}},"_links":{"self":[{"href":"https:\/\/adapeipapillonsblancs.alsace\/index.php\/wp-json\/wp\/v2\/posts\/717","targetHints":{"allow":["GET"]}}],"collection":[{"href":"https:\/\/adapeipapillonsblancs.alsace\/index.php\/wp-json\/wp\/v2\/posts"}],"about":[{"href":"https:\/\/adapeipapillonsblancs.alsace\/index.php\/wp-json\/wp\/v2\/types\/post"}],"author":[{"embeddable":true,"href":"https:\/\/adapeipapillonsblancs.alsace\/index.php\/wp-json\/wp\/v2\/users\/1"}],"replies":[{"embeddable":true,"href":"https:\/\/adapeipapillonsblancs.alsace\/index.php\/wp-json\/wp\/v2\/comments?post=717"}],"version-history":[{"count":0,"href":"https:\/\/adapeipapillonsblancs.alsace\/index.php\/wp-json\/wp\/v2\/posts\/717\/revisions"}],"wp:attachment":[{"href":"https:\/\/adapeipapillonsblancs.alsace\/index.php\/wp-json\/wp\/v2\/media?parent=717"}],"wp:term":[{"taxonomy":"category","embeddable":true,"href":"https:\/\/adapeipapillonsblancs.alsace\/index.php\/wp-json\/wp\/v2\/categories?post=717"},{"taxonomy":"post_tag","embeddable":true,"href":"https:\/\/adapeipapillonsblancs.alsace\/index.php\/wp-json\/wp\/v2\/tags?post=717"}],"curies":[{"name":"wp","href":"https:\/\/api.w.org\/{rel}","templated":true}]}}