{"id":834,"date":"2017-02-05T19:42:17","date_gmt":"2017-02-05T18:42:17","guid":{"rendered":"https:\/\/adapeipapillonsblancs.alsace\/?p=834"},"modified":"2025-09-18T10:52:22","modified_gmt":"2025-09-18T08:52:22","slug":"impro-soultz-institut-medico-professionnel","status":"publish","type":"post","link":"https:\/\/adapeipapillonsblancs.alsace\/index.php\/2017\/02\/05\/impro-soultz-institut-medico-professionnel\/","title":{"rendered":"IMPro de Soultz \u2013 Institut M\u00e9dico Professionnel"},"content":{"rendered":"\n[et_pb_section fb_built=\u00a0\u00bb1&Prime; custom_padding_last_edited=\u00a0\u00bbon|desktop\u00a0\u00bb admin_label=\u00a0\u00bbSection 1 &#8211; Fiche Etablissement\u00a0\u00bb _builder_version=\u00a0\u00bb4.16&Prime; custom_padding=\u00a0\u00bb0px|0px|0px|0px\u00a0\u00bb custom_padding_tablet=\u00a0\u00bb0px|12px|0px|12px\u00a0\u00bb custom_padding_phone=\u00a0\u00bb\u00a0\u00bb transparent_background=\u00a0\u00bboff\u00a0\u00bb make_fullwidth=\u00a0\u00bboff\u00a0\u00bb use_custom_width=\u00a0\u00bboff\u00a0\u00bb width_unit=\u00a0\u00bboff\u00a0\u00bb custom_width_px=\u00a0\u00bb1080px\u00a0\u00bb custom_width_percent=\u00a0\u00bb80%\u00a0\u00bb global_colors_info=\u00a0\u00bb{}\u00a0\u00bb][et_pb_row admin_label=\u00a0\u00bbrow\u00a0\u00bb _builder_version=\u00a0\u00bb4.16&Prime; background_size=\u00a0\u00bbinitial\u00a0\u00bb background_position=\u00a0\u00bbtop_left\u00a0\u00bb background_repeat=\u00a0\u00bbrepeat\u00a0\u00bb custom_padding=\u00a0\u00bb0px|0px|0px|0px\u00a0\u00bb make_fullwidth=\u00a0\u00bboff\u00a0\u00bb use_custom_width=\u00a0\u00bboff\u00a0\u00bb width_unit=\u00a0\u00bboff\u00a0\u00bb custom_width_px=\u00a0\u00bb1080px\u00a0\u00bb custom_width_percent=\u00a0\u00bb80%\u00a0\u00bb global_colors_info=\u00a0\u00bb{}\u00a0\u00bb][et_pb_column type=\u00a0\u00bb4_4&Prime; _builder_version=\u00a0\u00bb4.16&Prime; custom_padding=\u00a0\u00bb|||\u00a0\u00bb global_colors_info=\u00a0\u00bb{}\u00a0\u00bb custom_padding__hover=\u00a0\u00bb|||\u00a0\u00bb][et_pb_divider color=\u00a0\u00bb#000000&Prime; divider_style=\u00a0\u00bbdotted\u00a0\u00bb divider_weight=\u00a0\u00bb2px\u00a0\u00bb disabled_on=\u00a0\u00bbon|on|\u00a0\u00bb admin_label=\u00a0\u00bbS\u00e9parateur\u00a0\u00bb _builder_version=\u00a0\u00bb4.16&Prime; height=\u00a0\u00bb8px\u00a0\u00bb hide_on_mobile=\u00a0\u00bbon\u00a0\u00bb global_colors_info=\u00a0\u00bb{}\u00a0\u00bb] [\/et_pb_divider][et_pb_text admin_label=\u00a0\u00bbTexte\u00a0\u00bb _builder_version=\u00a0\u00bb4.16&Prime; text_text_color=\u00a0\u00bb#07ba96&Prime; background_size=\u00a0\u00bbinitial\u00a0\u00bb background_position=\u00a0\u00bbtop_left\u00a0\u00bb background_repeat=\u00a0\u00bbrepeat\u00a0\u00bb use_border_color=\u00a0\u00bboff\u00a0\u00bb border_style=\u00a0\u00bbsolid\u00a0\u00bb global_colors_info=\u00a0\u00bb{}\u00a0\u00bb]<strong>&gt; Adolescents \u00e2g\u00e9s de 14 \u00e0 20 ans<\/strong>\r[\/et_pb_text][\/et_pb_column][\/et_pb_row][et_pb_row column_structure=\u00a0\u00bb1_2,1_2&Prime; admin_label=\u00a0\u00bbrow\u00a0\u00bb _builder_version=\u00a0\u00bb4.16&Prime; background_size=\u00a0\u00bbinitial\u00a0\u00bb background_position=\u00a0\u00bbtop_left\u00a0\u00bb background_repeat=\u00a0\u00bbrepeat\u00a0\u00bb custom_padding=\u00a0\u00bb12px|0px|24px|0px\u00a0\u00bb make_fullwidth=\u00a0\u00bboff\u00a0\u00bb use_custom_width=\u00a0\u00bboff\u00a0\u00bb width_unit=\u00a0\u00bboff\u00a0\u00bb custom_width_px=\u00a0\u00bb1080px\u00a0\u00bb custom_width_percent=\u00a0\u00bb80%\u00a0\u00bb global_colors_info=\u00a0\u00bb{}\u00a0\u00bb][et_pb_column type=\u00a0\u00bb1_2&Prime; _builder_version=\u00a0\u00bb4.16&Prime; custom_padding=\u00a0\u00bb|||\u00a0\u00bb global_colors_info=\u00a0\u00bb{}\u00a0\u00bb custom_padding__hover=\u00a0\u00bb|||\u00a0\u00bb][et_pb_text admin_label=\u00a0\u00bbTexte &#8211; Contact\u00a0\u00bb _builder_version=\u00a0\u00bb4.27.0&Prime; background_size=\u00a0\u00bbinitial\u00a0\u00bb background_position=\u00a0\u00bbtop_left\u00a0\u00bb background_repeat=\u00a0\u00bbrepeat\u00a0\u00bb text_font_size_tablet=\u00a0\u00bb14px\u00a0\u00bb text_font_size_phone=\u00a0\u00bb\u00a0\u00bb text_font_size_last_edited=\u00a0\u00bbon|phone\u00a0\u00bb use_border_color=\u00a0\u00bboff\u00a0\u00bb border_style=\u00a0\u00bbsolid\u00a0\u00bb global_colors_info=\u00a0\u00bb{}\u00a0\u00bb]<h2>Contact<\/h2>\n<p><strong>Directrice P\u00f4le Enfance : <\/strong><strong>Linda LEDUC<br \/>Directeur D\u00e9l\u00e9gu\u00e9 : Micha\u00ebl BIBER<br \/><\/strong><strong>Chef de Service : J\u00e9r\u00e9my LEHMANN<br \/>Administrateur R\u00e9f\u00e9rent : Patrice DUPUY<br \/><\/strong><\/p>[\/et_pb_text][et_pb_text disabled_on=\u00a0\u00bbon|on|\u00a0\u00bb admin_label=\u00a0\u00bbTexte &#8211; T\u00e9l\u00a0\u00bb _builder_version=\u00a0\u00bb4.16&Prime; background_size=\u00a0\u00bbinitial\u00a0\u00bb background_position=\u00a0\u00bbtop_left\u00a0\u00bb background_repeat=\u00a0\u00bbrepeat\u00a0\u00bb text_font_size_tablet=\u00a0\u00bb14px\u00a0\u00bb text_font_size_phone=\u00a0\u00bb\u00a0\u00bb text_font_size_last_edited=\u00a0\u00bbon|phone\u00a0\u00bb use_border_color=\u00a0\u00bboff\u00a0\u00bb border_style=\u00a0\u00bbsolid\u00a0\u00bb global_colors_info=\u00a0\u00bb{}\u00a0\u00bb]<strong>T\u00e9l.\u00a003 69 58 70 20<\/strong>\r[\/et_pb_text][et_pb_button button_url=\u00a0\u00bbtel:+33369587020&Prime; button_text=\u00a0\u00bb03 69 58 70 20&Prime; button_alignment=\u00a0\u00bbleft\u00a0\u00bb disabled_on=\u00a0\u00bb||on\u00a0\u00bb admin_label=\u00a0\u00bbBouton &#8211; T\u00e9l\u00a0\u00bb _builder_version=\u00a0\u00bb4.16&Prime; custom_button=\u00a0\u00bbon\u00a0\u00bb button_text_size=\u00a0\u00bb14px\u00a0\u00bb button_text_color=\u00a0\u00bb#ffffff\u00a0\u00bb button_bg_color=\u00a0\u00bbrgba(147,147,147,0.66)\u00a0\u00bb button_border_width=\u00a0\u00bb1px\u00a0\u00bb button_border_color=\u00a0\u00bb#ffffff\u00a0\u00bb button_font=\u00a0\u00bb|on|||\u00a0\u00bb button_icon=\u00a0\u00bb&#xe090;||divi||400&Prime; button_icon_color=\u00a0\u00bb#ffffff\u00a0\u00bb button_icon_placement=\u00a0\u00bbleft\u00a0\u00bb button_on_hover=\u00a0\u00bboff\u00a0\u00bb button_text_color_hover=\u00a0\u00bbrgba(255,255,255,0.69)\u00a0\u00bb button_border_radius_hover=\u00a0\u00bb1px\u00a0\u00bb button_letter_spacing_hover=\u00a0\u00bb0&Prime; global_colors_info=\u00a0\u00bb{}\u00a0\u00bb button_text_size__hover_enabled=\u00a0\u00bboff\u00a0\u00bb button_one_text_size__hover_enabled=\u00a0\u00bboff\u00a0\u00bb button_two_text_size__hover_enabled=\u00a0\u00bboff\u00a0\u00bb button_text_color__hover_enabled=\u00a0\u00bbon\u00a0\u00bb button_text_color__hover=\u00a0\u00bbrgba(255,255,255,0.69)\u00a0\u00bb button_one_text_color__hover_enabled=\u00a0\u00bboff\u00a0\u00bb button_two_text_color__hover_enabled=\u00a0\u00bboff\u00a0\u00bb button_border_width__hover_enabled=\u00a0\u00bboff\u00a0\u00bb button_one_border_width__hover_enabled=\u00a0\u00bboff\u00a0\u00bb button_two_border_width__hover_enabled=\u00a0\u00bboff\u00a0\u00bb button_border_color__hover_enabled=\u00a0\u00bboff\u00a0\u00bb button_one_border_color__hover_enabled=\u00a0\u00bboff\u00a0\u00bb button_two_border_color__hover_enabled=\u00a0\u00bboff\u00a0\u00bb button_border_radius__hover_enabled=\u00a0\u00bbon\u00a0\u00bb button_border_radius__hover=\u00a0\u00bb1px\u00a0\u00bb button_one_border_radius__hover_enabled=\u00a0\u00bboff\u00a0\u00bb button_two_border_radius__hover_enabled=\u00a0\u00bboff\u00a0\u00bb button_letter_spacing__hover_enabled=\u00a0\u00bbon\u00a0\u00bb button_letter_spacing__hover=\u00a0\u00bb0&Prime; button_one_letter_spacing__hover_enabled=\u00a0\u00bboff\u00a0\u00bb button_two_letter_spacing__hover_enabled=\u00a0\u00bboff\u00a0\u00bb button_bg_color__hover_enabled=\u00a0\u00bboff\u00a0\u00bb button_one_bg_color__hover_enabled=\u00a0\u00bboff\u00a0\u00bb button_two_bg_color__hover_enabled=\u00a0\u00bboff\u00a0\u00bb] [\/et_pb_button][et_pb_button button_url=\u00a0\u00bbmailto:mbiber@apba.eu\u00a0\u00bb button_text=\u00a0\u00bbmbiber@apba.eu\u00a0\u00bb button_alignment=\u00a0\u00bbleft\u00a0\u00bb admin_label=\u00a0\u00bbBouton &#8211; Email\u00a0\u00bb _builder_version=\u00a0\u00bb4.27.4&Prime; custom_button=\u00a0\u00bbon\u00a0\u00bb button_text_size=\u00a0\u00bb14px\u00a0\u00bb button_text_color=\u00a0\u00bb#ffffff\u00a0\u00bb button_bg_color=\u00a0\u00bbrgba(147,147,147,0.66)\u00a0\u00bb button_border_width=\u00a0\u00bb1px\u00a0\u00bb button_border_color=\u00a0\u00bb#ffffff\u00a0\u00bb button_font=\u00a0\u00bb|on|||\u00a0\u00bb button_icon=\u00a0\u00bb&#xe010;||divi||400&Prime; button_icon_color=\u00a0\u00bb#ffffff\u00a0\u00bb button_icon_placement=\u00a0\u00bbleft\u00a0\u00bb button_on_hover=\u00a0\u00bboff\u00a0\u00bb button_text_color_hover=\u00a0\u00bbrgba(255,255,255,0.69)\u00a0\u00bb button_border_radius_hover=\u00a0\u00bb1px\u00a0\u00bb button_letter_spacing_hover=\u00a0\u00bb0&Prime; global_colors_info=\u00a0\u00bb{}\u00a0\u00bb button_text_size__hover_enabled=\u00a0\u00bboff\u00a0\u00bb button_one_text_size__hover_enabled=\u00a0\u00bboff\u00a0\u00bb button_two_text_size__hover_enabled=\u00a0\u00bboff\u00a0\u00bb button_text_color__hover_enabled=\u00a0\u00bbon\u00a0\u00bb button_text_color__hover=\u00a0\u00bbrgba(255,255,255,0.69)\u00a0\u00bb button_one_text_color__hover_enabled=\u00a0\u00bboff\u00a0\u00bb button_two_text_color__hover_enabled=\u00a0\u00bboff\u00a0\u00bb button_border_width__hover_enabled=\u00a0\u00bboff\u00a0\u00bb button_one_border_width__hover_enabled=\u00a0\u00bboff\u00a0\u00bb button_two_border_width__hover_enabled=\u00a0\u00bboff\u00a0\u00bb button_border_color__hover_enabled=\u00a0\u00bboff\u00a0\u00bb button_one_border_color__hover_enabled=\u00a0\u00bboff\u00a0\u00bb button_two_border_color__hover_enabled=\u00a0\u00bboff\u00a0\u00bb button_border_radius__hover_enabled=\u00a0\u00bbon\u00a0\u00bb button_border_radius__hover=\u00a0\u00bb1px\u00a0\u00bb button_one_border_radius__hover_enabled=\u00a0\u00bboff\u00a0\u00bb button_two_border_radius__hover_enabled=\u00a0\u00bboff\u00a0\u00bb button_letter_spacing__hover_enabled=\u00a0\u00bbon\u00a0\u00bb button_letter_spacing__hover=\u00a0\u00bb0&Prime; button_one_letter_spacing__hover_enabled=\u00a0\u00bboff\u00a0\u00bb button_two_letter_spacing__hover_enabled=\u00a0\u00bboff\u00a0\u00bb button_bg_color__hover_enabled=\u00a0\u00bboff\u00a0\u00bb button_one_bg_color__hover_enabled=\u00a0\u00bboff\u00a0\u00bb button_two_bg_color__hover_enabled=\u00a0\u00bboff\u00a0\u00bb] [\/et_pb_button][et_pb_text admin_label=\u00a0\u00bbTexte &#8211; Adresse\u00a0\u00bb _builder_version=\u00a0\u00bb4.27.4&Prime; background_size=\u00a0\u00bbinitial\u00a0\u00bb background_position=\u00a0\u00bbtop_left\u00a0\u00bb background_repeat=\u00a0\u00bbrepeat\u00a0\u00bb hover_enabled=\u00a0\u00bb0&Prime; text_font_size_tablet=\u00a0\u00bb14px\u00a0\u00bb text_font_size_phone=\u00a0\u00bb\u00a0\u00bb text_font_size_last_edited=\u00a0\u00bbon|phone\u00a0\u00bb use_border_color=\u00a0\u00bboff\u00a0\u00bb border_style=\u00a0\u00bbsolid\u00a0\u00bb global_colors_info=\u00a0\u00bb{}\u00a0\u00bb sticky_enabled=\u00a0\u00bb0&Prime;]<h2>Adresse<\/h2>\n<p>2c rue de l&rsquo;Industrie <br \/>68360 SOULTZ\u00a0<\/p>[\/et_pb_text][et_pb_divider _builder_version=\u00a0\u00bb4.27.4&Prime; _module_preset=\u00a0\u00bbdefault\u00a0\u00bb global_colors_info=\u00a0\u00bb{}\u00a0\u00bb][\/et_pb_divider][et_pb_text _builder_version=\u00a0\u00bb4.27.4&Prime; _module_preset=\u00a0\u00bbdefault\u00a0\u00bb global_colors_info=\u00a0\u00bb{}\u00a0\u00bb]<h4><span style=\"color: #238999;\"><strong>Nos IMPROS sont \u00e9ligibles \u00e0 la taxe d\u2019apprentissage<\/strong><\/span><\/h4>\n<p><b>Gr\u00e2ce \u00e0 cette taxe, nous investissons concr\u00e8tement pour les jeunes.<\/b><\/p>[\/et_pb_text][et_pb_button button_url=\u00a0\u00bbhttps:\/\/adapeipapillonsblancs.alsace\/index.php\/taxe-dapprentissage\/\u00a0\u00bb button_text=\u00a0\u00bbEn savoir plus\u00a0\u00bb _builder_version=\u00a0\u00bb4.27.4&Prime; _module_preset=\u00a0\u00bbdefault\u00a0\u00bb custom_button=\u00a0\u00bbon\u00a0\u00bb button_text_color=\u00a0\u00bb#ffffff\u00a0\u00bb button_bg_color=\u00a0\u00bb#238999&Prime; button_icon=\u00a0\u00bb&#x54;||divi||400&Prime; button_icon_color=\u00a0\u00bb#FFFFFF\u00a0\u00bb global_colors_info=\u00a0\u00bb{}\u00a0\u00bb][\/et_pb_button][\/et_pb_column][et_pb_column type=\u00a0\u00bb1_2&Prime; _builder_version=\u00a0\u00bb4.16&Prime; custom_padding=\u00a0\u00bb|||\u00a0\u00bb global_colors_info=\u00a0\u00bb{}\u00a0\u00bb custom_padding__hover=\u00a0\u00bb|||\u00a0\u00bb][et_pb_text admin_label=\u00a0\u00bbTexte &#8211; Pr\u00e9sentation \u00a0\u00bb _builder_version=\u00a0\u00bb4.27.4&Prime; background_size=\u00a0\u00bbinitial\u00a0\u00bb background_position=\u00a0\u00bbtop_left\u00a0\u00bb background_repeat=\u00a0\u00bbrepeat\u00a0\u00bb hover_enabled=\u00a0\u00bb0&Prime; text_font_size_tablet=\u00a0\u00bb14px\u00a0\u00bb text_font_size_phone=\u00a0\u00bb\u00a0\u00bb text_font_size_last_edited=\u00a0\u00bbon|phone\u00a0\u00bb header_line_height_tablet=\u00a0\u00bb1.2em\u00a0\u00bb header_line_height_phone=\u00a0\u00bb\u00a0\u00bb header_line_height_last_edited=\u00a0\u00bbon|phone\u00a0\u00bb use_border_color=\u00a0\u00bboff\u00a0\u00bb border_style=\u00a0\u00bbsolid\u00a0\u00bb global_colors_info=\u00a0\u00bb{}\u00a0\u00bb sticky_enabled=\u00a0\u00bb0&Prime;]<h2>Pr\u00e9sentation<\/h2>\n<p class=\"p1\">Les adolescents et jeunes adultes de l\u2019IMPro sont accueillis du lundi au vendredi de 09h \u00e0 16h except\u00e9 le mercredi de 09h \u00e0 13h.\u00a0<\/p>[\/et_pb_text][\/et_pb_column][\/et_pb_row][et_pb_row column_structure=\u00a0\u00bb1_2,1_2&Prime; use_custom_gutter=\u00a0\u00bbon\u00a0\u00bb make_equal=\u00a0\u00bbon\u00a0\u00bb disabled_on=\u00a0\u00bbon|on|on\u00a0\u00bb admin_label=\u00a0\u00bbrow\u00a0\u00bb _builder_version=\u00a0\u00bb4.16&Prime; background_size=\u00a0\u00bbinitial\u00a0\u00bb background_position=\u00a0\u00bbtop_left\u00a0\u00bb background_repeat=\u00a0\u00bbrepeat\u00a0\u00bb custom_padding=\u00a0\u00bb0px|0px|0px|0px\u00a0\u00bb make_fullwidth=\u00a0\u00bboff\u00a0\u00bb use_custom_width=\u00a0\u00bboff\u00a0\u00bb width_unit=\u00a0\u00bboff\u00a0\u00bb disabled=\u00a0\u00bbon\u00a0\u00bb global_colors_info=\u00a0\u00bb{}\u00a0\u00bb][et_pb_column type=\u00a0\u00bb1_2&Prime; _builder_version=\u00a0\u00bb4.16&Prime; background_color=\u00a0\u00bbrgba(147,147,147,0.66)\u00a0\u00bb custom_padding=\u00a0\u00bb20px|28px|20px|24px\u00a0\u00bb global_colors_info=\u00a0\u00bb{}\u00a0\u00bb custom_padding__hover=\u00a0\u00bb|||\u00a0\u00bb][et_pb_blurb title=\u00a0\u00bbPublic accueilli\u00a0\u00bb use_icon=\u00a0\u00bbon\u00a0\u00bb font_icon=\u00a0\u00bb&#x55;||divi||400&Prime; icon_color=\u00a0\u00bb#ffffff\u00a0\u00bb icon_placement=\u00a0\u00bbleft\u00a0\u00bb image_icon_width=\u00a0\u00bb96px\u00a0\u00bb admin_label=\u00a0\u00bbBlurb &#8211; Public Accueilli\u00a0\u00bb _builder_version=\u00a0\u00bb4.16&Prime; header_font=\u00a0\u00bb|on|||\u00a0\u00bb header_font_size=\u00a0\u00bb20px\u00a0\u00bb background_size=\u00a0\u00bbinitial\u00a0\u00bb background_position=\u00a0\u00bbtop_left\u00a0\u00bb background_repeat=\u00a0\u00bbrepeat\u00a0\u00bb background_layout=\u00a0\u00bbdark\u00a0\u00bb custom_margin=\u00a0\u00bb|||\u00a0\u00bb custom_padding=\u00a0\u00bb|||\u00a0\u00bb animation=\u00a0\u00bbright\u00a0\u00bb body_font_size_tablet=\u00a0\u00bb16px\u00a0\u00bb body_font_size_phone=\u00a0\u00bb\u00a0\u00bb body_font_size_last_edited=\u00a0\u00bbon|tablet\u00a0\u00bb use_border_color=\u00a0\u00bboff\u00a0\u00bb border_color=\u00a0\u00bb#ffffff\u00a0\u00bb border_width=\u00a0\u00bb1px\u00a0\u00bb border_style=\u00a0\u00bbsolid\u00a0\u00bb image_max_width=\u00a0\u00bbnone\u00a0\u00bb icon_font_size=\u00a0\u00bb96px\u00a0\u00bb use_circle=\u00a0\u00bboff\u00a0\u00bb use_circle_border=\u00a0\u00bboff\u00a0\u00bb circle_border_color=\u00a0\u00bb#2caaca\u00a0\u00bb circle_color=\u00a0\u00bb#2caaca\u00a0\u00bb global_colors_info=\u00a0\u00bb{}\u00a0\u00bb]<p class=\"p1\">L\u2019\u00e9tablissement est agr\u00e9\u00e9 pour accueillir 40 adolescents et jeunes adultes d\u00e9ficients intellectuels moyens et profonds, avec ou sans troubles associ\u00e9s (TSA). Il s\u2019adresse \u00e0 un public mixte \u00e2g\u00e9 de 14 \u00e0 20 ans et plus lorsque maintenu au sein de l\u2019\u00e9tablissement au titre de l\u2019amendement Creton en attente de place en \u00e9tablissement adulte et sur d\u00e9cision de la CDAPH (Commission des Droits et de l\u2019Autonomie des Personnes Handicap\u00e9es).<\/p>\r[\/et_pb_blurb][et_pb_blurb title=\u00a0\u00bbType de prise en charge\u00a0\u00bb use_icon=\u00a0\u00bbon\u00a0\u00bb font_icon=\u00a0\u00bb&#x5a;||divi||400&Prime; icon_color=\u00a0\u00bb#ffffff\u00a0\u00bb icon_placement=\u00a0\u00bbleft\u00a0\u00bb image_icon_width=\u00a0\u00bb96px\u00a0\u00bb admin_label=\u00a0\u00bbBlurb &#8211; Type de prise en charge\u00a0\u00bb _builder_version=\u00a0\u00bb4.16&Prime; header_font=\u00a0\u00bb|on|||\u00a0\u00bb header_font_size=\u00a0\u00bb20px\u00a0\u00bb background_size=\u00a0\u00bbinitial\u00a0\u00bb background_position=\u00a0\u00bbtop_left\u00a0\u00bb background_repeat=\u00a0\u00bbrepeat\u00a0\u00bb background_layout=\u00a0\u00bbdark\u00a0\u00bb custom_margin=\u00a0\u00bb48px|||\u00a0\u00bb custom_padding=\u00a0\u00bb|||\u00a0\u00bb animation=\u00a0\u00bbright\u00a0\u00bb body_font_size_tablet=\u00a0\u00bb16px\u00a0\u00bb body_font_size_phone=\u00a0\u00bb\u00a0\u00bb body_font_size_last_edited=\u00a0\u00bbon|desktop\u00a0\u00bb use_border_color=\u00a0\u00bboff\u00a0\u00bb border_color=\u00a0\u00bb#ffffff\u00a0\u00bb border_width=\u00a0\u00bb1px\u00a0\u00bb border_style=\u00a0\u00bbsolid\u00a0\u00bb image_max_width=\u00a0\u00bbnone\u00a0\u00bb icon_font_size=\u00a0\u00bb96px\u00a0\u00bb use_circle=\u00a0\u00bboff\u00a0\u00bb use_circle_border=\u00a0\u00bboff\u00a0\u00bb circle_border_color=\u00a0\u00bb#2caaca\u00a0\u00bb circle_color=\u00a0\u00bb#2caaca\u00a0\u00bb global_colors_info=\u00a0\u00bb{}\u00a0\u00bb]<p class=\"p1\">Les prestations propos\u00e9es sont : des ateliers de professionnalisation (cuisine, espace vert, blanchisserie), l&rsquo;accompagnement \u00e0 l&rsquo;insertion professionnelle et sociale, des activit\u00e9s d&rsquo;autonomie \u00e0 la vie quotidienne, des ateliers de socialisation, les ateliers d\u2019expression artistique et d\u2019activit\u00e9s cr\u00e9atives, les activit\u00e9s physiques, des activit\u00e9s de d\u00e9veloppement cognitif, l&rsquo;action r\u00e9\u00e9ducative, m\u00e9dicale et l&rsquo;accompagnement psychologique.<\/p>\r\n<p class=\"p1\">Par ailleurs, un service d\u2019accompagnement social est d\u00e9di\u00e9 aux familles pour tout ce qui concerne la prise en charge de l\u2019adolescent ou du jeune adulte.<\/p>\r\n<p class=\"p1\">Chaque jeune dispose d\u2019un planning individualis\u00e9 \u00e9labor\u00e9 par l\u2019\u00e9quipe pluridisciplinaire sur la seule base de ses besoins sp\u00e9cifiques. Ce planning d\u2019activit\u00e9s est revu au moins trois fois par an : lors du Projet Personnalis\u00e9 en pr\u00e9sence des parents ainsi que lors des r\u00e9unions p\u00e9dagogiques de rentr\u00e9e et de d\u00e9but d\u2019ann\u00e9e.<\/p>\r[\/et_pb_blurb][\/et_pb_column][et_pb_column type=\u00a0\u00bb1_2&Prime; _builder_version=\u00a0\u00bb4.16&Prime; background_color=\u00a0\u00bb#939393&Prime; custom_padding=\u00a0\u00bb20px|28px|20px|24px\u00a0\u00bb global_colors_info=\u00a0\u00bb{}\u00a0\u00bb custom_padding__hover=\u00a0\u00bb|||\u00a0\u00bb][et_pb_blurb title=\u00a0\u00bbNos engagements et objectifs\u00a0\u00bb use_icon=\u00a0\u00bbon\u00a0\u00bb font_icon=\u00a0\u00bb&#xe60f;||divi||400&Prime; icon_color=\u00a0\u00bb#ffffff\u00a0\u00bb icon_placement=\u00a0\u00bbleft\u00a0\u00bb image_icon_width=\u00a0\u00bb96px\u00a0\u00bb admin_label=\u00a0\u00bbBlurb &#8211; Engagements et objectifs\u00a0\u00bb _builder_version=\u00a0\u00bb4.16&Prime; header_font=\u00a0\u00bb|on|||\u00a0\u00bb header_font_size=\u00a0\u00bb20px\u00a0\u00bb header_line_height=\u00a0\u00bb1.2em\u00a0\u00bb background_size=\u00a0\u00bbinitial\u00a0\u00bb background_position=\u00a0\u00bbtop_left\u00a0\u00bb background_repeat=\u00a0\u00bbrepeat\u00a0\u00bb background_layout=\u00a0\u00bbdark\u00a0\u00bb custom_margin=\u00a0\u00bb|||\u00a0\u00bb animation=\u00a0\u00bbright\u00a0\u00bb body_font_size_tablet=\u00a0\u00bb16px\u00a0\u00bb body_font_size_phone=\u00a0\u00bb\u00a0\u00bb body_font_size_last_edited=\u00a0\u00bbon|phone\u00a0\u00bb use_border_color=\u00a0\u00bboff\u00a0\u00bb border_color=\u00a0\u00bb#ffffff\u00a0\u00bb border_width=\u00a0\u00bb1px\u00a0\u00bb border_style=\u00a0\u00bbsolid\u00a0\u00bb image_max_width=\u00a0\u00bbnone\u00a0\u00bb icon_font_size=\u00a0\u00bb96px\u00a0\u00bb use_circle=\u00a0\u00bboff\u00a0\u00bb use_circle_border=\u00a0\u00bboff\u00a0\u00bb circle_border_color=\u00a0\u00bb#2caaca\u00a0\u00bb circle_color=\u00a0\u00bb#2caaca\u00a0\u00bb global_colors_info=\u00a0\u00bb{}\u00a0\u00bb]<p class=\"p1\">L\u2019\u00e9quipe de l\u2019IMPro accompagne l\u2019adolescent ou le jeune adulte pour qu\u2019il parvienne au maximum d\u2019autonomie dans la vie sociale, et professionnelle lorsqu\u2019il le peut, gr\u00e2ce \u00e0 l\u2019acquisition de savoirs, savoir-faire et savoir-\u00eatre. Cette pr\u00e9paration s\u2019effectue par l\u2019interm\u00e9diaire d\u2019activit\u00e9s \u00e9ducatives, d\u2019apprentissages \u00e0 vis\u00e9e professionnelle et ou sociale, d\u2019activit\u00e9s sportives, d\u2019activit\u00e9s scolaires.<\/p>\r[\/et_pb_blurb][\/et_pb_column][\/et_pb_row][et_pb_row column_structure=\u00a0\u00bb1_4,3_4&Prime; disabled_on=\u00a0\u00bbon|on|on\u00a0\u00bb admin_label=\u00a0\u00bbLigne\u00a0\u00bb _builder_version=\u00a0\u00bb4.16&Prime; background_size=\u00a0\u00bbinitial\u00a0\u00bb background_position=\u00a0\u00bbtop_left\u00a0\u00bb background_repeat=\u00a0\u00bbrepeat\u00a0\u00bb custom_padding=\u00a0\u00bb20px|0px|20px|0px\u00a0\u00bb make_fullwidth=\u00a0\u00bboff\u00a0\u00bb use_custom_width=\u00a0\u00bboff\u00a0\u00bb width_unit=\u00a0\u00bboff\u00a0\u00bb disabled=\u00a0\u00bbon\u00a0\u00bb global_colors_info=\u00a0\u00bb{}\u00a0\u00bb][et_pb_column type=\u00a0\u00bb1_4&Prime; _builder_version=\u00a0\u00bb4.16&Prime; custom_padding=\u00a0\u00bb|||\u00a0\u00bb global_colors_info=\u00a0\u00bb{}\u00a0\u00bb custom_padding__hover=\u00a0\u00bb|||\u00a0\u00bb][et_pb_blurb title=\u00a0\u00bbModalit\u00e9s d\u2019admission\u00a0\u00bb use_icon=\u00a0\u00bbon\u00a0\u00bb font_icon=\u00a0\u00bb&#x6c;||divi||400&Prime; icon_color=\u00a0\u00bb#a8a8a8&Prime; icon_placement=\u00a0\u00bbleft\u00a0\u00bb image_icon_width=\u00a0\u00bb46px\u00a0\u00bb admin_label=\u00a0\u00bbBlurb &#8211; Modalit\u00e9s d&rsquo;admission\u00a0\u00bb _builder_version=\u00a0\u00bb4.16&Prime; header_font=\u00a0\u00bb|on|||\u00a0\u00bb header_text_color=\u00a0\u00bb#a8a8a8&Prime; header_font_size=\u00a0\u00bb24px\u00a0\u00bb body_text_color=\u00a0\u00bb#a8a8a8&Prime; background_size=\u00a0\u00bbinitial\u00a0\u00bb background_position=\u00a0\u00bbtop_left\u00a0\u00bb background_repeat=\u00a0\u00bbrepeat\u00a0\u00bb background_layout=\u00a0\u00bbdark\u00a0\u00bb animation=\u00a0\u00bbright\u00a0\u00bb use_border_color=\u00a0\u00bboff\u00a0\u00bb border_color=\u00a0\u00bb#ffffff\u00a0\u00bb border_width=\u00a0\u00bb1px\u00a0\u00bb border_style=\u00a0\u00bbsolid\u00a0\u00bb image_max_width=\u00a0\u00bbnone\u00a0\u00bb icon_font_size=\u00a0\u00bb46px\u00a0\u00bb use_circle=\u00a0\u00bboff\u00a0\u00bb use_circle_border=\u00a0\u00bboff\u00a0\u00bb circle_border_color=\u00a0\u00bb#2caaca\u00a0\u00bb circle_color=\u00a0\u00bb#2caaca\u00a0\u00bb global_colors_info=\u00a0\u00bb{}\u00a0\u00bb] [\/et_pb_blurb][\/et_pb_column][et_pb_column type=\u00a0\u00bb3_4&Prime; _builder_version=\u00a0\u00bb4.16&Prime; custom_padding=\u00a0\u00bb|28px||24px\u00a0\u00bb global_colors_info=\u00a0\u00bb{}\u00a0\u00bb custom_padding__hover=\u00a0\u00bb|||\u00a0\u00bb][et_pb_text admin_label=\u00a0\u00bbTexte &#8211; Modalit\u00e9s d&rsquo;admission\u00a0\u00bb _builder_version=\u00a0\u00bb4.16&Prime; background_size=\u00a0\u00bbinitial\u00a0\u00bb background_position=\u00a0\u00bbtop_left\u00a0\u00bb background_repeat=\u00a0\u00bbrepeat\u00a0\u00bb text_font_size_tablet=\u00a0\u00bb16px\u00a0\u00bb text_font_size_phone=\u00a0\u00bb\u00a0\u00bb text_font_size_last_edited=\u00a0\u00bbon|tablet\u00a0\u00bb use_border_color=\u00a0\u00bboff\u00a0\u00bb border_style=\u00a0\u00bbsolid\u00a0\u00bb global_colors_info=\u00a0\u00bb{}\u00a0\u00bb]<p class=\"p1\">Les jeunes sont orient\u00e9s et notifi\u00e9s \u00e0 l\u2019IMPro de Bollwiller par la MDPH (Maison D\u00e9partementale des Personnes Handicap\u00e9es) sur d\u00e9cision de la CDPAH.<\/p>\r\n<p class=\"p1\">Un stage de d\u00e9couverte de l\u2019\u00e9tablissement de 4 jours (ou plus si besoins) est propos\u00e9 aux jeunes souhaitant int\u00e9grer l\u2019IMPro. A cette issue, et selon de le souhait des familles, la Commission d\u2019admission se r\u00e9uni et \u00e9met un avis sur l\u2019admissibilit\u00e9 sous couvert de la Direction de l\u2019Etablissement.<\/p>\r\n<p class=\"p1\">Selon la d\u00e9cision de la commission d\u2019admission, le jeune est inscrit sur la liste d\u2019attente et une admission lui sera propos\u00e9e d\u00e8s que possible.<\/p>\r[\/et_pb_text][\/et_pb_column][\/et_pb_row][et_pb_row admin_label=\u00a0\u00bbLigne\u00a0\u00bb _builder_version=\u00a0\u00bb4.16&Prime; background_size=\u00a0\u00bbinitial\u00a0\u00bb background_position=\u00a0\u00bbtop_left\u00a0\u00bb background_repeat=\u00a0\u00bbrepeat\u00a0\u00bb global_colors_info=\u00a0\u00bb{}\u00a0\u00bb][et_pb_column type=\u00a0\u00bb4_4&Prime; _builder_version=\u00a0\u00bb4.16&Prime; custom_padding=\u00a0\u00bb|||\u00a0\u00bb global_colors_info=\u00a0\u00bb{}\u00a0\u00bb custom_padding__hover=\u00a0\u00bb|||\u00a0\u00bb][et_pb_toggle title=\u00a0\u00bbPublic accueilli\u00a0\u00bb admin_label=\u00a0\u00bbBascule\u00a0\u00bb _builder_version=\u00a0\u00bb4.16&Prime; background_size=\u00a0\u00bbinitial\u00a0\u00bb background_position=\u00a0\u00bbtop_left\u00a0\u00bb background_repeat=\u00a0\u00bbrepeat\u00a0\u00bb use_border_color=\u00a0\u00bboff\u00a0\u00bb border_color=\u00a0\u00bb#ffffff\u00a0\u00bb border_style=\u00a0\u00bbsolid\u00a0\u00bb global_colors_info=\u00a0\u00bb{}\u00a0\u00bb]L\u2019\u00e9tablissement est agr\u00e9\u00e9 pour accueillir 40 adolescents et jeunes adultes d\u00e9ficients intellectuels moyens et profonds, avec ou sans troubles associ\u00e9s (TSA). Il s\u2019adresse \u00e0 un public mixte \u00e2g\u00e9 de 14 \u00e0 20 ans et plus lorsque maintenu au sein de l\u2019\u00e9tablissement au titre de l\u2019amendement Creton en attente de place en \u00e9tablissement adulte et sur d\u00e9cision de la CDAPH (Commission des Droits et de l\u2019Autonomie des Personnes Handicap\u00e9es).\r[\/et_pb_toggle][et_pb_toggle title=\u00a0\u00bbType de prise en charge\u00a0\u00bb admin_label=\u00a0\u00bbBascule\u00a0\u00bb _builder_version=\u00a0\u00bb4.16&Prime; background_size=\u00a0\u00bbinitial\u00a0\u00bb background_position=\u00a0\u00bbtop_left\u00a0\u00bb background_repeat=\u00a0\u00bbrepeat\u00a0\u00bb use_border_color=\u00a0\u00bboff\u00a0\u00bb border_color=\u00a0\u00bb#ffffff\u00a0\u00bb border_style=\u00a0\u00bbsolid\u00a0\u00bb global_colors_info=\u00a0\u00bb{}\u00a0\u00bb]<p class=\"p1\">Les prestations propos\u00e9es sont : des ateliers de professionnalisation (cuisine, espace vert, blanchisserie), l\u2019accompagnement \u00e0 l\u2019insertion professionnelle et sociale, des activit\u00e9s d\u2019autonomie \u00e0 la vie quotidienne, des ateliers de socialisation, les ateliers d\u2019expression artistique et d\u2019activit\u00e9s cr\u00e9atives, les activit\u00e9s physiques, des activit\u00e9s de d\u00e9veloppement cognitif, l\u2019action r\u00e9\u00e9ducative, m\u00e9dicale et l\u2019accompagnement psychologique.<\/p>\r\n<p class=\"p1\">Par ailleurs, un service d\u2019accompagnement social est d\u00e9di\u00e9 aux familles pour tout ce qui concerne la prise en charge de l\u2019adolescent ou du jeune adulte.<\/p>\r\n<p class=\"p1\">Chaque jeune dispose d\u2019un planning individualis\u00e9 \u00e9labor\u00e9 par l\u2019\u00e9quipe pluridisciplinaire sur la seule base de ses besoins sp\u00e9cifiques. Ce planning d\u2019activit\u00e9s est revu au moins trois fois par an : lors du Projet Personnalis\u00e9 en pr\u00e9sence des parents ainsi que lors des r\u00e9unions p\u00e9dagogiques de rentr\u00e9e et de d\u00e9but d\u2019ann\u00e9e.<\/p>\r[\/et_pb_toggle][et_pb_toggle title=\u00a0\u00bbNos engagements et objectifs\u00a0\u00bb admin_label=\u00a0\u00bbBascule\u00a0\u00bb _builder_version=\u00a0\u00bb4.16&Prime; background_size=\u00a0\u00bbinitial\u00a0\u00bb background_position=\u00a0\u00bbtop_left\u00a0\u00bb background_repeat=\u00a0\u00bbrepeat\u00a0\u00bb use_border_color=\u00a0\u00bboff\u00a0\u00bb border_color=\u00a0\u00bb#ffffff\u00a0\u00bb border_style=\u00a0\u00bbsolid\u00a0\u00bb global_colors_info=\u00a0\u00bb{}\u00a0\u00bb]L\u2019\u00e9quipe de l\u2019IMPro accompagne l\u2019adolescent ou le jeune adulte pour qu\u2019il parvienne au maximum d\u2019autonomie dans la vie sociale, et professionnelle lorsqu\u2019il le peut, gr\u00e2ce \u00e0 l\u2019acquisition de savoirs, savoir-faire et savoir-\u00eatre. Cette pr\u00e9paration s\u2019effectue par l\u2019interm\u00e9diaire d\u2019activit\u00e9s \u00e9ducatives, d\u2019apprentissages \u00e0 vis\u00e9e professionnelle et ou sociale, d\u2019activit\u00e9s sportives, d\u2019activit\u00e9s scolaires.\r[\/et_pb_toggle][et_pb_toggle title=\u00a0\u00bbModalit\u00e9s d&rsquo;admission\u00a0\u00bb admin_label=\u00a0\u00bbBascule\u00a0\u00bb _builder_version=\u00a0\u00bb4.16&Prime; background_size=\u00a0\u00bbinitial\u00a0\u00bb background_position=\u00a0\u00bbtop_left\u00a0\u00bb background_repeat=\u00a0\u00bbrepeat\u00a0\u00bb use_border_color=\u00a0\u00bboff\u00a0\u00bb border_color=\u00a0\u00bb#ffffff\u00a0\u00bb border_style=\u00a0\u00bbsolid\u00a0\u00bb global_colors_info=\u00a0\u00bb{}\u00a0\u00bb]<p class=\"p1\">Les jeunes sont orient\u00e9s et notifi\u00e9s \u00e0 l\u2019IMPro de Bollwiller par la MDPH (Maison D\u00e9partementale des Personnes Handicap\u00e9es) sur d\u00e9cision de la CDPAH.<\/p>\r\n<p class=\"p1\">Un stage de d\u00e9couverte de l\u2019\u00e9tablissement de 4 jours (ou plus si besoins) est propos\u00e9 aux jeunes souhaitant int\u00e9grer l\u2019IMPro. A cette issue, et selon de le souhait des familles, la Commission d\u2019admission se r\u00e9uni et \u00e9met un avis sur l\u2019admissibilit\u00e9 sous couvert de la Direction de l\u2019Etablissement.<\/p>\r\n<p class=\"p1\">Selon la d\u00e9cision de la commission d\u2019admission, le jeune est inscrit sur la liste d\u2019attente et une admission lui sera propos\u00e9e d\u00e8s que possible.<\/p>\r[\/et_pb_toggle][\/et_pb_column][\/et_pb_row][\/et_pb_section]\n","protected":false},"excerpt":{"rendered":"<p>&gt; Adolescents \u00e2g\u00e9s de 14 \u00e0 20 ans Contact Directrice P\u00f4le Enfance : Linda LEDUCDirecteur D\u00e9l\u00e9gu\u00e9 : Micha\u00ebl BIBERChef de Service : J\u00e9r\u00e9my LEHMANNAdministrateur R\u00e9f\u00e9rent : Patrice DUPUYT\u00e9l.\u00a003 69 58 70 20 Adresse 2c rue de l&rsquo;Industrie 68360 SOULTZ\u00a0Nos IMPROS sont \u00e9ligibles \u00e0 la taxe d\u2019apprentissage Gr\u00e2ce \u00e0 cette taxe, nous investissons concr\u00e8tement pour les [&hellip;]<\/p>\n","protected":false},"author":1,"featured_media":0,"comment_status":"open","ping_status":"open","sticky":false,"template":"","format":"standard","meta":{"_et_pb_use_builder":"on","_et_pb_old_content":"","_et_gb_content_width":"","footnotes":""},"categories":[11,31,22],"tags":[],"class_list":["post-834","post","type-post","status-publish","format-standard","hentry","category-sud-alsace","category-im-pro","category-pole-enfance-education"],"yoast_head":"<!-- This site is optimized with the Yoast SEO plugin v28.4 - https:\/\/yoast.com\/product\/yoast-seo-wordpress\/ -->\n<title>IMPro de Soultz \u2013 Institut M\u00e9dico Professionnel - Adapei Papillons Blancs d&#039;Alsace<\/title>\n<meta name=\"robots\" content=\"index, follow, max-snippet:-1, max-image-preview:large, max-video-preview:-1\" \/>\n<link rel=\"canonical\" href=\"https:\/\/adapeipapillonsblancs.alsace\/index.php\/2017\/02\/05\/impro-soultz-institut-medico-professionnel\/\" \/>\n<meta property=\"og:locale\" content=\"fr_FR\" \/>\n<meta property=\"og:type\" content=\"article\" \/>\n<meta property=\"og:title\" content=\"IMPro de Soultz \u2013 Institut M\u00e9dico Professionnel - Adapei Papillons Blancs d&#039;Alsace\" \/>\n<meta property=\"og:description\" content=\"&gt; Adolescents \u00e2g\u00e9s de 14 \u00e0 20 ans Contact Directrice P\u00f4le Enfance : Linda LEDUCDirecteur D\u00e9l\u00e9gu\u00e9 : Micha\u00ebl BIBERChef de Service : J\u00e9r\u00e9my LEHMANNAdministrateur R\u00e9f\u00e9rent : Patrice DUPUYT\u00e9l.\u00a003 69 58 70 20 Adresse 2c rue de l&#039;Industrie 68360 SOULTZ\u00a0Nos IMPROS sont \u00e9ligibles \u00e0 la taxe d\u2019apprentissage Gr\u00e2ce \u00e0 cette taxe, nous investissons concr\u00e8tement pour les [&hellip;]\" \/>\n<meta property=\"og:url\" content=\"https:\/\/adapeipapillonsblancs.alsace\/index.php\/2017\/02\/05\/impro-soultz-institut-medico-professionnel\/\" \/>\n<meta property=\"og:site_name\" content=\"Adapei Papillons Blancs d&#039;Alsace\" \/>\n<meta property=\"article:published_time\" content=\"2017-02-05T18:42:17+00:00\" \/>\n<meta property=\"article:modified_time\" content=\"2025-09-18T08:52:22+00:00\" \/>\n<meta name=\"author\" content=\"APBA_Admin\" \/>\n<meta name=\"twitter:card\" content=\"summary_large_image\" \/>\n<meta name=\"twitter:label1\" content=\"\u00c9crit par\" \/>\n\t<meta name=\"twitter:data1\" content=\"APBA_Admin\" \/>\n\t<meta name=\"twitter:label2\" content=\"Dur\u00e9e de lecture estim\u00e9e\" \/>\n\t<meta name=\"twitter:data2\" content=\"3 minutes\" \/>\n<!-- \/ Yoast SEO plugin. -->","yoast_head_json":{"title":"IMPro de Soultz \u2013 Institut M\u00e9dico Professionnel - Adapei Papillons Blancs d&#039;Alsace","robots":{"index":"index","follow":"follow","max-snippet":"max-snippet:-1","max-image-preview":"max-image-preview:large","max-video-preview":"max-video-preview:-1"},"canonical":"https:\/\/adapeipapillonsblancs.alsace\/index.php\/2017\/02\/05\/impro-soultz-institut-medico-professionnel\/","og_locale":"fr_FR","og_type":"article","og_title":"IMPro de Soultz \u2013 Institut M\u00e9dico Professionnel - Adapei Papillons Blancs d&#039;Alsace","og_description":"&gt; Adolescents \u00e2g\u00e9s de 14 \u00e0 20 ans Contact Directrice P\u00f4le Enfance : Linda LEDUCDirecteur D\u00e9l\u00e9gu\u00e9 : Micha\u00ebl BIBERChef de Service : J\u00e9r\u00e9my LEHMANNAdministrateur R\u00e9f\u00e9rent : Patrice DUPUYT\u00e9l.\u00a003 69 58 70 20 Adresse 2c rue de l'Industrie 68360 SOULTZ\u00a0Nos IMPROS sont \u00e9ligibles \u00e0 la taxe d\u2019apprentissage Gr\u00e2ce \u00e0 cette taxe, nous investissons concr\u00e8tement pour les [&hellip;]","og_url":"https:\/\/adapeipapillonsblancs.alsace\/index.php\/2017\/02\/05\/impro-soultz-institut-medico-professionnel\/","og_site_name":"Adapei Papillons Blancs d&#039;Alsace","article_published_time":"2017-02-05T18:42:17+00:00","article_modified_time":"2025-09-18T08:52:22+00:00","author":"APBA_Admin","twitter_card":"summary_large_image","twitter_misc":{"\u00c9crit par":"APBA_Admin","Dur\u00e9e de lecture estim\u00e9e":"3 minutes"},"schema":{"@context":"https:\/\/schema.org","@graph":[{"@type":"Article","@id":"https:\/\/adapeipapillonsblancs.alsace\/index.php\/2017\/02\/05\/impro-soultz-institut-medico-professionnel\/#article","isPartOf":{"@id":"https:\/\/adapeipapillonsblancs.alsace\/index.php\/2017\/02\/05\/impro-soultz-institut-medico-professionnel\/"},"author":{"name":"APBA_Admin","@id":"https:\/\/adapeipapillonsblancs.alsace\/#\/schema\/person\/ed34171a9b1882f95d3f84f797aadc82"},"headline":"IMPro de Soultz \u2013 Institut M\u00e9dico Professionnel","datePublished":"2017-02-05T18:42:17+00:00","dateModified":"2025-09-18T08:52:22+00:00","mainEntityOfPage":{"@id":"https:\/\/adapeipapillonsblancs.alsace\/index.php\/2017\/02\/05\/impro-soultz-institut-medico-professionnel\/"},"wordCount":2860,"commentCount":0,"articleSection":["Alsace Sud","IMPro","P\u00f4le Enfance Education"],"inLanguage":"fr-FR","potentialAction":[{"@type":"CommentAction","name":"Comment","target":["https:\/\/adapeipapillonsblancs.alsace\/index.php\/2017\/02\/05\/impro-soultz-institut-medico-professionnel\/#respond"]}]},{"@type":"WebPage","@id":"https:\/\/adapeipapillonsblancs.alsace\/index.php\/2017\/02\/05\/impro-soultz-institut-medico-professionnel\/","url":"https:\/\/adapeipapillonsblancs.alsace\/index.php\/2017\/02\/05\/impro-soultz-institut-medico-professionnel\/","name":"IMPro de Soultz \u2013 Institut M\u00e9dico Professionnel - Adapei Papillons Blancs d&#039;Alsace","isPartOf":{"@id":"https:\/\/adapeipapillonsblancs.alsace\/#website"},"datePublished":"2017-02-05T18:42:17+00:00","dateModified":"2025-09-18T08:52:22+00:00","author":{"@id":"https:\/\/adapeipapillonsblancs.alsace\/#\/schema\/person\/ed34171a9b1882f95d3f84f797aadc82"},"breadcrumb":{"@id":"https:\/\/adapeipapillonsblancs.alsace\/index.php\/2017\/02\/05\/impro-soultz-institut-medico-professionnel\/#breadcrumb"},"inLanguage":"fr-FR","potentialAction":[{"@type":"ReadAction","target":["https:\/\/adapeipapillonsblancs.alsace\/index.php\/2017\/02\/05\/impro-soultz-institut-medico-professionnel\/"]}]},{"@type":"BreadcrumbList","@id":"https:\/\/adapeipapillonsblancs.alsace\/index.php\/2017\/02\/05\/impro-soultz-institut-medico-professionnel\/#breadcrumb","itemListElement":[{"@type":"ListItem","position":1,"name":"Accueil","item":"https:\/\/adapeipapillonsblancs.alsace\/"},{"@type":"ListItem","position":2,"name":"IMPro de Soultz \u2013 Institut M\u00e9dico Professionnel"}]},{"@type":"WebSite","@id":"https:\/\/adapeipapillonsblancs.alsace\/#website","url":"https:\/\/adapeipapillonsblancs.alsace\/","name":"Adapei Papillons Blancs d&#039;Alsace","description":"Ensemble, plus loin, plus fort !","potentialAction":[{"@type":"SearchAction","target":{"@type":"EntryPoint","urlTemplate":"https:\/\/adapeipapillonsblancs.alsace\/?s={search_term_string}"},"query-input":{"@type":"PropertyValueSpecification","valueRequired":true,"valueName":"search_term_string"}}],"inLanguage":"fr-FR"},{"@type":"Person","@id":"https:\/\/adapeipapillonsblancs.alsace\/#\/schema\/person\/ed34171a9b1882f95d3f84f797aadc82","name":"APBA_Admin","image":{"@type":"ImageObject","inLanguage":"fr-FR","@id":"https:\/\/secure.gravatar.com\/avatar\/3be690d82ef8d1aebcdc03ccd329a9f5522a42e27d7b0409920c18ff0bc3f3ec?s=96&d=mm&r=g","url":"https:\/\/secure.gravatar.com\/avatar\/3be690d82ef8d1aebcdc03ccd329a9f5522a42e27d7b0409920c18ff0bc3f3ec?s=96&d=mm&r=g","contentUrl":"https:\/\/secure.gravatar.com\/avatar\/3be690d82ef8d1aebcdc03ccd329a9f5522a42e27d7b0409920c18ff0bc3f3ec?s=96&d=mm&r=g","caption":"APBA_Admin"},"url":"https:\/\/adapeipapillonsblancs.alsace\/index.php\/author\/apba_admin\/"}]}},"_links":{"self":[{"href":"https:\/\/adapeipapillonsblancs.alsace\/index.php\/wp-json\/wp\/v2\/posts\/834","targetHints":{"allow":["GET"]}}],"collection":[{"href":"https:\/\/adapeipapillonsblancs.alsace\/index.php\/wp-json\/wp\/v2\/posts"}],"about":[{"href":"https:\/\/adapeipapillonsblancs.alsace\/index.php\/wp-json\/wp\/v2\/types\/post"}],"author":[{"embeddable":true,"href":"https:\/\/adapeipapillonsblancs.alsace\/index.php\/wp-json\/wp\/v2\/users\/1"}],"replies":[{"embeddable":true,"href":"https:\/\/adapeipapillonsblancs.alsace\/index.php\/wp-json\/wp\/v2\/comments?post=834"}],"version-history":[{"count":0,"href":"https:\/\/adapeipapillonsblancs.alsace\/index.php\/wp-json\/wp\/v2\/posts\/834\/revisions"}],"wp:attachment":[{"href":"https:\/\/adapeipapillonsblancs.alsace\/index.php\/wp-json\/wp\/v2\/media?parent=834"}],"wp:term":[{"taxonomy":"category","embeddable":true,"href":"https:\/\/adapeipapillonsblancs.alsace\/index.php\/wp-json\/wp\/v2\/categories?post=834"},{"taxonomy":"post_tag","embeddable":true,"href":"https:\/\/adapeipapillonsblancs.alsace\/index.php\/wp-json\/wp\/v2\/tags?post=834"}],"curies":[{"name":"wp","href":"https:\/\/api.w.org\/{rel}","templated":true}]}}