{"id":847,"date":"2017-02-05T20:07:47","date_gmt":"2017-02-05T19:07:47","guid":{"rendered":"https:\/\/adapeipapillonsblancs.alsace\/?p=847"},"modified":"2026-02-02T09:03:20","modified_gmt":"2026-02-02T08:03:20","slug":"sessad-de-mulhouse","status":"publish","type":"post","link":"https:\/\/adapeipapillonsblancs.alsace\/index.php\/2017\/02\/05\/sessad-de-mulhouse\/","title":{"rendered":"SESSAD &#8211; Service d&rsquo;Education Sp\u00e9ciale et de Soins \u00e0 Domicile &#8211; Mulhouse"},"content":{"rendered":"<p>[et_pb_section fb_built=\u00a0\u00bb1&Prime; custom_padding_last_edited=\u00a0\u00bbon|desktop\u00a0\u00bb admin_label=\u00a0\u00bbSection 1 &#8211; Fiche Etablissement\u00a0\u00bb _builder_version=\u00a0\u00bb4.16&Prime; custom_padding=\u00a0\u00bb0px|0px|0px|0px\u00a0\u00bb custom_padding_tablet=\u00a0\u00bb0px|12px|0px|12px\u00a0\u00bb custom_padding_phone=\u00a0\u00bb\u00a0\u00bb transparent_background=\u00a0\u00bboff\u00a0\u00bb make_fullwidth=\u00a0\u00bboff\u00a0\u00bb use_custom_width=\u00a0\u00bboff\u00a0\u00bb width_unit=\u00a0\u00bboff\u00a0\u00bb custom_width_px=\u00a0\u00bb1080px\u00a0\u00bb custom_width_percent=\u00a0\u00bb80%\u00a0\u00bb global_colors_info=\u00a0\u00bb{}\u00a0\u00bb][et_pb_row admin_label=\u00a0\u00bbrow\u00a0\u00bb _builder_version=\u00a0\u00bb4.16&Prime; background_size=\u00a0\u00bbinitial\u00a0\u00bb background_position=\u00a0\u00bbtop_left\u00a0\u00bb background_repeat=\u00a0\u00bbrepeat\u00a0\u00bb custom_padding=\u00a0\u00bb0px|0px|0px|0px\u00a0\u00bb make_fullwidth=\u00a0\u00bboff\u00a0\u00bb use_custom_width=\u00a0\u00bboff\u00a0\u00bb width_unit=\u00a0\u00bboff\u00a0\u00bb custom_width_px=\u00a0\u00bb1080px\u00a0\u00bb custom_width_percent=\u00a0\u00bb80%\u00a0\u00bb global_colors_info=\u00a0\u00bb{}\u00a0\u00bb][et_pb_column type=\u00a0\u00bb4_4&Prime; _builder_version=\u00a0\u00bb4.16&Prime; custom_padding=\u00a0\u00bb|||\u00a0\u00bb global_colors_info=\u00a0\u00bb{}\u00a0\u00bb custom_padding__hover=\u00a0\u00bb|||\u00a0\u00bb][et_pb_divider color=\u00a0\u00bb#000000&Prime; divider_style=\u00a0\u00bbdotted\u00a0\u00bb divider_weight=\u00a0\u00bb2px\u00a0\u00bb disabled_on=\u00a0\u00bbon|on|\u00a0\u00bb admin_label=\u00a0\u00bbS\u00e9parateur\u00a0\u00bb _builder_version=\u00a0\u00bb4.16&Prime; height=\u00a0\u00bb8px\u00a0\u00bb hide_on_mobile=\u00a0\u00bbon\u00a0\u00bb global_colors_info=\u00a0\u00bb{}\u00a0\u00bb] [\/et_pb_divider][et_pb_text admin_label=\u00a0\u00bbTexte\u00a0\u00bb _builder_version=\u00a0\u00bb4.16&Prime; text_text_color=\u00a0\u00bb#07ba96&Prime; background_size=\u00a0\u00bbinitial\u00a0\u00bb background_position=\u00a0\u00bbtop_left\u00a0\u00bb background_repeat=\u00a0\u00bbrepeat\u00a0\u00bb use_border_color=\u00a0\u00bboff\u00a0\u00bb border_style=\u00a0\u00bbsolid\u00a0\u00bb global_colors_info=\u00a0\u00bb{}\u00a0\u00bb]<strong>&gt; Enfants et Adolescents \u00e2g\u00e9s de 0 \u00e0 20 ans<\/strong><br \/>\n[\/et_pb_text][\/et_pb_column][\/et_pb_row][et_pb_row column_structure=\u00a0\u00bb1_2,1_2&Prime; admin_label=\u00a0\u00bbrow\u00a0\u00bb _builder_version=\u00a0\u00bb4.16&Prime; background_size=\u00a0\u00bbinitial\u00a0\u00bb background_position=\u00a0\u00bbtop_left\u00a0\u00bb background_repeat=\u00a0\u00bbrepeat\u00a0\u00bb custom_padding=\u00a0\u00bb12px|0px|24px|0px\u00a0\u00bb make_fullwidth=\u00a0\u00bboff\u00a0\u00bb use_custom_width=\u00a0\u00bboff\u00a0\u00bb width_unit=\u00a0\u00bboff\u00a0\u00bb custom_width_px=\u00a0\u00bb1080px\u00a0\u00bb custom_width_percent=\u00a0\u00bb80%\u00a0\u00bb global_colors_info=\u00a0\u00bb{}\u00a0\u00bb][et_pb_column type=\u00a0\u00bb1_2&Prime; _builder_version=\u00a0\u00bb4.16&Prime; custom_padding=\u00a0\u00bb|||\u00a0\u00bb global_colors_info=\u00a0\u00bb{}\u00a0\u00bb custom_padding__hover=\u00a0\u00bb|||\u00a0\u00bb][et_pb_text admin_label=\u00a0\u00bbTexte &#8211; Contact\u00a0\u00bb _builder_version=\u00a0\u00bb4.27.5&Prime; background_size=\u00a0\u00bbinitial\u00a0\u00bb background_position=\u00a0\u00bbtop_left\u00a0\u00bb background_repeat=\u00a0\u00bbrepeat\u00a0\u00bb hover_enabled=\u00a0\u00bb0&Prime; text_font_size_tablet=\u00a0\u00bb14px\u00a0\u00bb text_font_size_phone=\u00a0\u00bb\u00a0\u00bb text_font_size_last_edited=\u00a0\u00bbon|phone\u00a0\u00bb use_border_color=\u00a0\u00bboff\u00a0\u00bb border_style=\u00a0\u00bbsolid\u00a0\u00bb global_colors_info=\u00a0\u00bb{}\u00a0\u00bb sticky_enabled=\u00a0\u00bb0&Prime;]<\/p>\n<h2>Contact<\/h2>\n<p><strong>Directrice P\u00f4le Enfance : <\/strong><strong>Linda LEDUC<br \/>Directeur D\u00e9l\u00e9gu\u00e9 : Damien SCHEUER<br \/><\/strong><strong>Encadrante d&rsquo;\u00e9quipe\u00a0 : Elodie HERRGOTT<br \/>Administrateur r\u00e9f\u00e9rent : Prinio FRARE<\/strong><\/p>\n<p>&nbsp;<\/p>\n<p>[\/et_pb_text][et_pb_text disabled_on=\u00a0\u00bbon|on|\u00a0\u00bb admin_label=\u00a0\u00bbTexte &#8211; T\u00e9l\u00a0\u00bb _builder_version=\u00a0\u00bb4.16&Prime; background_size=\u00a0\u00bbinitial\u00a0\u00bb background_position=\u00a0\u00bbtop_left\u00a0\u00bb background_repeat=\u00a0\u00bbrepeat\u00a0\u00bb text_font_size_tablet=\u00a0\u00bb14px\u00a0\u00bb text_font_size_phone=\u00a0\u00bb\u00a0\u00bb text_font_size_last_edited=\u00a0\u00bbon|phone\u00a0\u00bb use_border_color=\u00a0\u00bboff\u00a0\u00bb border_style=\u00a0\u00bbsolid\u00a0\u00bb global_colors_info=\u00a0\u00bb{}\u00a0\u00bb]<strong>T\u00e9l.\u00a003 89 36 24 10<\/strong><br \/>\n[\/et_pb_text][et_pb_button button_url=\u00a0\u00bbtel:+33389362410&Prime; button_text=\u00a0\u00bb03 89 36 24 10&Prime; button_alignment=\u00a0\u00bbleft\u00a0\u00bb disabled_on=\u00a0\u00bb||on\u00a0\u00bb admin_label=\u00a0\u00bbBouton &#8211; T\u00e9l\u00a0\u00bb _builder_version=\u00a0\u00bb4.16&Prime; custom_button=\u00a0\u00bbon\u00a0\u00bb button_text_size=\u00a0\u00bb14px\u00a0\u00bb button_text_color=\u00a0\u00bb#ffffff\u00a0\u00bb button_bg_color=\u00a0\u00bbrgba(147,147,147,0.66)\u00a0\u00bb button_border_width=\u00a0\u00bb1px\u00a0\u00bb button_border_color=\u00a0\u00bb#ffffff\u00a0\u00bb button_font=\u00a0\u00bb|on|||\u00a0\u00bb button_icon=\u00a0\u00bb&#xe090;||divi||400&Prime; button_icon_color=\u00a0\u00bb#ffffff\u00a0\u00bb button_icon_placement=\u00a0\u00bbleft\u00a0\u00bb button_on_hover=\u00a0\u00bboff\u00a0\u00bb button_text_color_hover=\u00a0\u00bbrgba(255,255,255,0.69)\u00a0\u00bb button_border_radius_hover=\u00a0\u00bb1px\u00a0\u00bb button_letter_spacing_hover=\u00a0\u00bb0&Prime; global_colors_info=\u00a0\u00bb{}\u00a0\u00bb button_text_size__hover_enabled=\u00a0\u00bboff\u00a0\u00bb button_one_text_size__hover_enabled=\u00a0\u00bboff\u00a0\u00bb button_two_text_size__hover_enabled=\u00a0\u00bboff\u00a0\u00bb button_text_color__hover_enabled=\u00a0\u00bbon\u00a0\u00bb button_text_color__hover=\u00a0\u00bbrgba(255,255,255,0.69)\u00a0\u00bb button_one_text_color__hover_enabled=\u00a0\u00bboff\u00a0\u00bb button_two_text_color__hover_enabled=\u00a0\u00bboff\u00a0\u00bb button_border_width__hover_enabled=\u00a0\u00bboff\u00a0\u00bb button_one_border_width__hover_enabled=\u00a0\u00bboff\u00a0\u00bb button_two_border_width__hover_enabled=\u00a0\u00bboff\u00a0\u00bb button_border_color__hover_enabled=\u00a0\u00bboff\u00a0\u00bb button_one_border_color__hover_enabled=\u00a0\u00bboff\u00a0\u00bb button_two_border_color__hover_enabled=\u00a0\u00bboff\u00a0\u00bb button_border_radius__hover_enabled=\u00a0\u00bbon\u00a0\u00bb button_border_radius__hover=\u00a0\u00bb1px\u00a0\u00bb button_one_border_radius__hover_enabled=\u00a0\u00bboff\u00a0\u00bb button_two_border_radius__hover_enabled=\u00a0\u00bboff\u00a0\u00bb button_letter_spacing__hover_enabled=\u00a0\u00bbon\u00a0\u00bb button_letter_spacing__hover=\u00a0\u00bb0&Prime; button_one_letter_spacing__hover_enabled=\u00a0\u00bboff\u00a0\u00bb button_two_letter_spacing__hover_enabled=\u00a0\u00bboff\u00a0\u00bb button_bg_color__hover_enabled=\u00a0\u00bboff\u00a0\u00bb button_one_bg_color__hover_enabled=\u00a0\u00bboff\u00a0\u00bb button_two_bg_color__hover_enabled=\u00a0\u00bboff\u00a0\u00bb] [\/et_pb_button][et_pb_button button_url=\u00a0\u00bbmailto:mstahl@adapeipapillonsblancs.alsace\u00a0\u00bb button_text=\u00a0\u00bbmstahl@adapeipapillonsblancs.alsace\u00a0\u00bb button_alignment=\u00a0\u00bbleft\u00a0\u00bb admin_label=\u00a0\u00bbBouton &#8211; Email\u00a0\u00bb _builder_version=\u00a0\u00bb4.16&Prime; custom_button=\u00a0\u00bbon\u00a0\u00bb button_text_size=\u00a0\u00bb14px\u00a0\u00bb button_text_color=\u00a0\u00bb#ffffff\u00a0\u00bb button_bg_color=\u00a0\u00bbrgba(147,147,147,0.66)\u00a0\u00bb button_border_width=\u00a0\u00bb1px\u00a0\u00bb button_border_color=\u00a0\u00bb#ffffff\u00a0\u00bb button_font=\u00a0\u00bb|on|||\u00a0\u00bb button_icon=\u00a0\u00bb&#xe010;||divi||400&Prime; button_icon_color=\u00a0\u00bb#ffffff\u00a0\u00bb button_icon_placement=\u00a0\u00bbleft\u00a0\u00bb button_on_hover=\u00a0\u00bboff\u00a0\u00bb button_text_color_hover=\u00a0\u00bbrgba(255,255,255,0.69)\u00a0\u00bb button_border_radius_hover=\u00a0\u00bb1px\u00a0\u00bb button_letter_spacing_hover=\u00a0\u00bb0&Prime; global_colors_info=\u00a0\u00bb{}\u00a0\u00bb button_text_size__hover_enabled=\u00a0\u00bboff\u00a0\u00bb button_one_text_size__hover_enabled=\u00a0\u00bboff\u00a0\u00bb button_two_text_size__hover_enabled=\u00a0\u00bboff\u00a0\u00bb button_text_color__hover_enabled=\u00a0\u00bbon\u00a0\u00bb button_text_color__hover=\u00a0\u00bbrgba(255,255,255,0.69)\u00a0\u00bb button_one_text_color__hover_enabled=\u00a0\u00bboff\u00a0\u00bb button_two_text_color__hover_enabled=\u00a0\u00bboff\u00a0\u00bb button_border_width__hover_enabled=\u00a0\u00bboff\u00a0\u00bb button_one_border_width__hover_enabled=\u00a0\u00bboff\u00a0\u00bb button_two_border_width__hover_enabled=\u00a0\u00bboff\u00a0\u00bb button_border_color__hover_enabled=\u00a0\u00bboff\u00a0\u00bb button_one_border_color__hover_enabled=\u00a0\u00bboff\u00a0\u00bb button_two_border_color__hover_enabled=\u00a0\u00bboff\u00a0\u00bb button_border_radius__hover_enabled=\u00a0\u00bbon\u00a0\u00bb button_border_radius__hover=\u00a0\u00bb1px\u00a0\u00bb button_one_border_radius__hover_enabled=\u00a0\u00bboff\u00a0\u00bb button_two_border_radius__hover_enabled=\u00a0\u00bboff\u00a0\u00bb button_letter_spacing__hover_enabled=\u00a0\u00bbon\u00a0\u00bb button_letter_spacing__hover=\u00a0\u00bb0&Prime; button_one_letter_spacing__hover_enabled=\u00a0\u00bboff\u00a0\u00bb button_two_letter_spacing__hover_enabled=\u00a0\u00bboff\u00a0\u00bb button_bg_color__hover_enabled=\u00a0\u00bboff\u00a0\u00bb button_one_bg_color__hover_enabled=\u00a0\u00bboff\u00a0\u00bb button_two_bg_color__hover_enabled=\u00a0\u00bboff\u00a0\u00bb] [\/et_pb_button][et_pb_text admin_label=\u00a0\u00bbTexte &#8211; Adresse\u00a0\u00bb _builder_version=\u00a0\u00bb4.16&Prime; background_size=\u00a0\u00bbinitial\u00a0\u00bb background_position=\u00a0\u00bbtop_left\u00a0\u00bb background_repeat=\u00a0\u00bbrepeat\u00a0\u00bb text_font_size_tablet=\u00a0\u00bb14px\u00a0\u00bb text_font_size_phone=\u00a0\u00bb\u00a0\u00bb text_font_size_last_edited=\u00a0\u00bbon|phone\u00a0\u00bb use_border_color=\u00a0\u00bboff\u00a0\u00bb border_color=\u00a0\u00bb#ffffff\u00a0\u00bb border_style=\u00a0\u00bbsolid\u00a0\u00bb global_colors_info=\u00a0\u00bb{}\u00a0\u00bb]<\/p>\n<h2>Adresse<\/h2>\n<p><strong>15 avenue de Bruxelles<br \/>\n68350 Brunstatt-Didenheim<br \/>\n<\/strong><br \/>\n[\/et_pb_text][\/et_pb_column][et_pb_column type=\u00a0\u00bb1_2&Prime; _builder_version=\u00a0\u00bb4.16&Prime; custom_padding=\u00a0\u00bb|||\u00a0\u00bb global_colors_info=\u00a0\u00bb{}\u00a0\u00bb custom_padding__hover=\u00a0\u00bb|||\u00a0\u00bb][et_pb_text admin_label=\u00a0\u00bbTexte &#8211; Pr\u00e9sentation \u00a0\u00bb _builder_version=\u00a0\u00bb4.16&Prime; background_size=\u00a0\u00bbinitial\u00a0\u00bb background_position=\u00a0\u00bbtop_left\u00a0\u00bb background_repeat=\u00a0\u00bbrepeat\u00a0\u00bb text_font_size_tablet=\u00a0\u00bb14px\u00a0\u00bb text_font_size_phone=\u00a0\u00bb\u00a0\u00bb text_font_size_last_edited=\u00a0\u00bbon|phone\u00a0\u00bb header_line_height_tablet=\u00a0\u00bb1.2em\u00a0\u00bb header_line_height_phone=\u00a0\u00bb\u00a0\u00bb header_line_height_last_edited=\u00a0\u00bbon|phone\u00a0\u00bb use_border_color=\u00a0\u00bboff\u00a0\u00bb border_style=\u00a0\u00bbsolid\u00a0\u00bb global_colors_info=\u00a0\u00bb{}\u00a0\u00bb]<\/p>\n<h2>Pr\u00e9sentation<\/h2>\n<p class=\"p1\">Le SESSAD, est compos\u00e9 d\u2019une \u00e9quipe pluridisciplinaire et travaille en partenariat et en r\u00e9seau (MDPH, Education Nationale, Services de p\u00e9diatrie, Etablissements M\u00e9dico-Social, Orthophonistes, Kin\u00e9sith\u00e9rapeutes, \u2026).<\/p>\n<p class=\"p2\">Les prises en charge s\u2019effectuent en partenariat actif avec la famille, pour accompagner et de soutenir l\u2019enfant\/adolescent dans son d\u00e9veloppement psycho-affectif et intellectuel, tout en respectant son rythme et en veillant \u00e0 son \u00e9panouissement et \u00e0 son bien-\u00eatre.<\/p>\n<p>[\/et_pb_text][\/et_pb_column][\/et_pb_row][et_pb_row column_structure=\u00a0\u00bb1_2,1_2&Prime; use_custom_gutter=\u00a0\u00bbon\u00a0\u00bb make_equal=\u00a0\u00bbon\u00a0\u00bb disabled_on=\u00a0\u00bbon|on|on\u00a0\u00bb admin_label=\u00a0\u00bbrow\u00a0\u00bb _builder_version=\u00a0\u00bb4.16&Prime; background_size=\u00a0\u00bbinitial\u00a0\u00bb background_position=\u00a0\u00bbtop_left\u00a0\u00bb background_repeat=\u00a0\u00bbrepeat\u00a0\u00bb custom_padding=\u00a0\u00bb0px|0px|0px|0px\u00a0\u00bb make_fullwidth=\u00a0\u00bboff\u00a0\u00bb use_custom_width=\u00a0\u00bboff\u00a0\u00bb width_unit=\u00a0\u00bboff\u00a0\u00bb disabled=\u00a0\u00bbon\u00a0\u00bb global_colors_info=\u00a0\u00bb{}\u00a0\u00bb][et_pb_column type=\u00a0\u00bb1_2&Prime; _builder_version=\u00a0\u00bb4.16&Prime; background_color=\u00a0\u00bbrgba(147,147,147,0.66)\u00a0\u00bb custom_padding=\u00a0\u00bb20px|28px|20px|24px\u00a0\u00bb global_colors_info=\u00a0\u00bb{}\u00a0\u00bb custom_padding__hover=\u00a0\u00bb|||\u00a0\u00bb][et_pb_blurb title=\u00a0\u00bbPublic accueilli\u00a0\u00bb use_icon=\u00a0\u00bbon\u00a0\u00bb font_icon=\u00a0\u00bb&#x55;||divi||400&Prime; icon_color=\u00a0\u00bb#ffffff\u00a0\u00bb icon_placement=\u00a0\u00bbleft\u00a0\u00bb admin_label=\u00a0\u00bbBlurb &#8211; Public Accueilli\u00a0\u00bb _builder_version=\u00a0\u00bb4.16&Prime; header_font=\u00a0\u00bb|on|||\u00a0\u00bb header_font_size=\u00a0\u00bb20px\u00a0\u00bb background_size=\u00a0\u00bbinitial\u00a0\u00bb background_position=\u00a0\u00bbtop_left\u00a0\u00bb background_repeat=\u00a0\u00bbrepeat\u00a0\u00bb background_layout=\u00a0\u00bbdark\u00a0\u00bb custom_margin=\u00a0\u00bb|||\u00a0\u00bb custom_padding=\u00a0\u00bb|||\u00a0\u00bb animation=\u00a0\u00bbright\u00a0\u00bb body_font_size_tablet=\u00a0\u00bb16px\u00a0\u00bb body_font_size_phone=\u00a0\u00bb\u00a0\u00bb body_font_size_last_edited=\u00a0\u00bbon|tablet\u00a0\u00bb use_border_color=\u00a0\u00bboff\u00a0\u00bb border_color=\u00a0\u00bb#ffffff\u00a0\u00bb border_width=\u00a0\u00bb1px\u00a0\u00bb border_style=\u00a0\u00bbsolid\u00a0\u00bb global_colors_info=\u00a0\u00bb{}\u00a0\u00bb]Conform\u00e9ment \u00e0 notre agr\u00e9ment de 50 places, les enfants et adolescents accueillis ont entre 0 et 20 ans. Ils pr\u00e9sentent une d\u00e9ficience intellectuelle, associ\u00e9e ou non \u00e0 des troubles surajout\u00e9s : polyhandicap, autisme&#8230;<br \/>\nDepuis le 1er septembre 2016, le SESSAD b\u00e9n\u00e9ficie de 5 places pour des enfants diagnostiqu\u00e9s TSA (Troubles du Spectre Autistique) domicili\u00e9s ou suivis sur les territoires de Altkirch et Saint-Louis et ce via une Plateforme cr\u00e9\u00e9e en partenariat avec les IME de Dannemarie et Bartenheim.<br \/>\n[\/et_pb_blurb][et_pb_blurb title=\u00a0\u00bbType de prise en charge\u00a0\u00bb use_icon=\u00a0\u00bbon\u00a0\u00bb font_icon=\u00a0\u00bb&#x5a;||divi||400&Prime; icon_color=\u00a0\u00bb#ffffff\u00a0\u00bb icon_placement=\u00a0\u00bbleft\u00a0\u00bb admin_label=\u00a0\u00bbBlurb &#8211; Type de prise en charge\u00a0\u00bb _builder_version=\u00a0\u00bb4.16&Prime; header_font=\u00a0\u00bb|on|||\u00a0\u00bb header_font_size=\u00a0\u00bb20px\u00a0\u00bb background_size=\u00a0\u00bbinitial\u00a0\u00bb background_position=\u00a0\u00bbtop_left\u00a0\u00bb background_repeat=\u00a0\u00bbrepeat\u00a0\u00bb background_layout=\u00a0\u00bbdark\u00a0\u00bb custom_margin=\u00a0\u00bb48px|||\u00a0\u00bb custom_padding=\u00a0\u00bb|||\u00a0\u00bb animation=\u00a0\u00bbright\u00a0\u00bb body_font_size_tablet=\u00a0\u00bb16px\u00a0\u00bb body_font_size_phone=\u00a0\u00bb\u00a0\u00bb body_font_size_last_edited=\u00a0\u00bbon|desktop\u00a0\u00bb use_border_color=\u00a0\u00bboff\u00a0\u00bb border_color=\u00a0\u00bb#ffffff\u00a0\u00bb border_width=\u00a0\u00bb1px\u00a0\u00bb border_style=\u00a0\u00bbsolid\u00a0\u00bb global_colors_info=\u00a0\u00bb{}\u00a0\u00bb]La prise en charge s&rsquo;effectue s\u2019effectue dans tous les lieux de vie de l\u2019enfant : halte-garderie, \u00e9cole maternelle et primaire, ULIS, centre sportif, activit\u00e9s extra et p\u00e9riscolaires, piscine, centre \u00e9questre\u2026<br \/>\nEn lien avec le Projet Personnalis\u00e9, certaines interventions peuvent \u00e9galement se d\u00e9rouler au SESSAD.<br \/>\n[\/et_pb_blurb][\/et_pb_column][et_pb_column type=\u00a0\u00bb1_2&Prime; _builder_version=\u00a0\u00bb4.16&Prime; background_color=\u00a0\u00bb#939393&Prime; custom_padding=\u00a0\u00bb20px|28px|20px|24px\u00a0\u00bb global_colors_info=\u00a0\u00bb{}\u00a0\u00bb custom_padding__hover=\u00a0\u00bb|||\u00a0\u00bb][et_pb_blurb title=\u00a0\u00bbNos engagements et objectifs\u00a0\u00bb use_icon=\u00a0\u00bbon\u00a0\u00bb font_icon=\u00a0\u00bb&#xe60f;||divi||400&Prime; icon_color=\u00a0\u00bb#ffffff\u00a0\u00bb icon_placement=\u00a0\u00bbleft\u00a0\u00bb admin_label=\u00a0\u00bbBlurb &#8211; Engagements et objectifs\u00a0\u00bb _builder_version=\u00a0\u00bb4.16&Prime; header_font=\u00a0\u00bb|on|||\u00a0\u00bb header_font_size=\u00a0\u00bb20px\u00a0\u00bb header_line_height=\u00a0\u00bb1.2em\u00a0\u00bb background_size=\u00a0\u00bbinitial\u00a0\u00bb background_position=\u00a0\u00bbtop_left\u00a0\u00bb background_repeat=\u00a0\u00bbrepeat\u00a0\u00bb background_layout=\u00a0\u00bbdark\u00a0\u00bb custom_margin=\u00a0\u00bb|||\u00a0\u00bb animation=\u00a0\u00bbright\u00a0\u00bb body_font_size_tablet=\u00a0\u00bb16px\u00a0\u00bb body_font_size_phone=\u00a0\u00bb\u00a0\u00bb body_font_size_last_edited=\u00a0\u00bbon|phone\u00a0\u00bb use_border_color=\u00a0\u00bboff\u00a0\u00bb border_color=\u00a0\u00bb#ffffff\u00a0\u00bb border_width=\u00a0\u00bb1px\u00a0\u00bb border_style=\u00a0\u00bbsolid\u00a0\u00bb global_colors_info=\u00a0\u00bb{}\u00a0\u00bb]<\/p>\n<p class=\"p1\">Ils s\u2019articulent autour de\u00a0:<\/p>\n<ul class=\"ul1\">\n<li class=\"li1\">La prise en charge pr\u00e9coce pour les enfants de la naissance \u00e0 20 ans comportant :<\/li>\n<li class=\"li1\">Le conseil et l\u2019accompagnement des familles et de l\u2019entourage familier de l\u2019enfant<\/li>\n<li class=\"li1\">L \u2018approfondissement du diagnostic<\/li>\n<li class=\"li1\">L\u2019aide au d\u00e9veloppement psychomoteur initial de l\u2019enfant<\/li>\n<li class=\"li1\">La pr\u00e9paration des orientations ult\u00e9rieures<\/li>\n<li class=\"li1\">Le soutien \u00e0 l\u2019int\u00e9gration scolaire<\/li>\n<\/ul>\n<ul class=\"ul1\">\n<li class=\"li1\">L\u2019acquisition de l\u2019autonomie comportant l\u2019ensemble des moyens m\u00e9dicaux, param\u00e9dicaux, psychosociaux, \u00e9ducatifs et p\u00e9dagogiques adapt\u00e9s. Les interventions s\u2019accomplissent dans les diff\u00e9rents lieux de vie et d\u2019activit\u00e9 de l\u2019enfant (domicile, cr\u00e8che, etc.) et dans les locaux du service.<\/li>\n<\/ul>\n<p>[\/et_pb_blurb][\/et_pb_column][\/et_pb_row][et_pb_row column_structure=\u00a0\u00bb1_4,3_4&Prime; disabled_on=\u00a0\u00bbon|on|on\u00a0\u00bb admin_label=\u00a0\u00bbLigne\u00a0\u00bb _builder_version=\u00a0\u00bb4.16&Prime; background_size=\u00a0\u00bbinitial\u00a0\u00bb background_position=\u00a0\u00bbtop_left\u00a0\u00bb background_repeat=\u00a0\u00bbrepeat\u00a0\u00bb custom_padding=\u00a0\u00bb20px|0px|20px|0px\u00a0\u00bb make_fullwidth=\u00a0\u00bboff\u00a0\u00bb use_custom_width=\u00a0\u00bboff\u00a0\u00bb width_unit=\u00a0\u00bboff\u00a0\u00bb disabled=\u00a0\u00bbon\u00a0\u00bb global_colors_info=\u00a0\u00bb{}\u00a0\u00bb][et_pb_column type=\u00a0\u00bb1_4&Prime; _builder_version=\u00a0\u00bb4.16&Prime; custom_padding=\u00a0\u00bb|||\u00a0\u00bb global_colors_info=\u00a0\u00bb{}\u00a0\u00bb custom_padding__hover=\u00a0\u00bb|||\u00a0\u00bb][et_pb_blurb title=\u00a0\u00bbModalit\u00e9s d\u2019admission\u00a0\u00bb use_icon=\u00a0\u00bbon\u00a0\u00bb font_icon=\u00a0\u00bb&#x6c;||divi||400&Prime; icon_color=\u00a0\u00bb#a8a8a8&Prime; icon_placement=\u00a0\u00bbleft\u00a0\u00bb image_icon_width=\u00a0\u00bb46px\u00a0\u00bb admin_label=\u00a0\u00bbBlurb &#8211; Modalit\u00e9s d&rsquo;admission\u00a0\u00bb _builder_version=\u00a0\u00bb4.16&Prime; header_font=\u00a0\u00bb|on|||\u00a0\u00bb header_text_color=\u00a0\u00bb#a8a8a8&Prime; header_font_size=\u00a0\u00bb24px\u00a0\u00bb body_text_color=\u00a0\u00bb#a8a8a8&Prime; background_size=\u00a0\u00bbinitial\u00a0\u00bb background_position=\u00a0\u00bbtop_left\u00a0\u00bb background_repeat=\u00a0\u00bbrepeat\u00a0\u00bb background_layout=\u00a0\u00bbdark\u00a0\u00bb animation=\u00a0\u00bbright\u00a0\u00bb use_border_color=\u00a0\u00bboff\u00a0\u00bb border_color=\u00a0\u00bb#ffffff\u00a0\u00bb border_width=\u00a0\u00bb1px\u00a0\u00bb border_style=\u00a0\u00bbsolid\u00a0\u00bb icon_font_size=\u00a0\u00bb46px\u00a0\u00bb global_colors_info=\u00a0\u00bb{}\u00a0\u00bb] [\/et_pb_blurb][\/et_pb_column][et_pb_column type=\u00a0\u00bb3_4&Prime; _builder_version=\u00a0\u00bb4.16&Prime; custom_padding=\u00a0\u00bb|28px||24px\u00a0\u00bb global_colors_info=\u00a0\u00bb{}\u00a0\u00bb custom_padding__hover=\u00a0\u00bb|||\u00a0\u00bb][et_pb_text admin_label=\u00a0\u00bbTexte &#8211; Modalit\u00e9s d&rsquo;admission\u00a0\u00bb _builder_version=\u00a0\u00bb4.16&Prime; background_size=\u00a0\u00bbinitial\u00a0\u00bb background_position=\u00a0\u00bbtop_left\u00a0\u00bb background_repeat=\u00a0\u00bbrepeat\u00a0\u00bb text_font_size_tablet=\u00a0\u00bb16px\u00a0\u00bb text_font_size_phone=\u00a0\u00bb\u00a0\u00bb text_font_size_last_edited=\u00a0\u00bbon|tablet\u00a0\u00bb use_border_color=\u00a0\u00bboff\u00a0\u00bb border_style=\u00a0\u00bbsolid\u00a0\u00bb global_colors_info=\u00a0\u00bb{}\u00a0\u00bb]<\/p>\n<p class=\"p1\"><span class=\"s1\">Apr\u00e8s notification de la CDA (Commission des Droits et de l\u2019Autonomie), sur demande \u00e9crite des parents, le SESSAD <\/span>enclenche la proc\u00e9dure d\u2019admission, qui, dans son d\u00e9roulement, tend \u00e0 prendre en compte les singularit\u00e9s individuelles et familiales. Cette proc\u00e9dure est limit\u00e9e \u00e0 une dur\u00e9e de 6 semaines durant lesquelles des professionnels vont faire connaissance avec l\u2019enfant et sa famille lors de diverses rencontres qui ont lieu, pour certaines \u00e0 domicile (assistante sociale et infirmi\u00e8re), pour d\u2019autres au service (m\u00e9decin p\u00e9diatre ou de r\u00e9\u00e9ducation fonctionnelle et psychologue).<\/p>\n<p>[\/et_pb_text][\/et_pb_column][\/et_pb_row][et_pb_row admin_label=\u00a0\u00bbLigne\u00a0\u00bb _builder_version=\u00a0\u00bb4.16&Prime; background_size=\u00a0\u00bbinitial\u00a0\u00bb background_position=\u00a0\u00bbtop_left\u00a0\u00bb background_repeat=\u00a0\u00bbrepeat\u00a0\u00bb global_colors_info=\u00a0\u00bb{}\u00a0\u00bb][et_pb_column type=\u00a0\u00bb4_4&Prime; _builder_version=\u00a0\u00bb4.16&Prime; custom_padding=\u00a0\u00bb|||\u00a0\u00bb global_colors_info=\u00a0\u00bb{}\u00a0\u00bb custom_padding__hover=\u00a0\u00bb|||\u00a0\u00bb][et_pb_toggle title=\u00a0\u00bbPublic accueilli\u00a0\u00bb admin_label=\u00a0\u00bbBascule\u00a0\u00bb _builder_version=\u00a0\u00bb4.16&Prime; background_size=\u00a0\u00bbinitial\u00a0\u00bb background_position=\u00a0\u00bbtop_left\u00a0\u00bb background_repeat=\u00a0\u00bbrepeat\u00a0\u00bb use_border_color=\u00a0\u00bboff\u00a0\u00bb border_color=\u00a0\u00bb#ffffff\u00a0\u00bb border_style=\u00a0\u00bbsolid\u00a0\u00bb global_colors_info=\u00a0\u00bb{}\u00a0\u00bb]Conform\u00e9ment \u00e0 notre agr\u00e9ment de 50 places, les enfants et adolescents accueillis ont entre 0 et 20 ans. Ils pr\u00e9sentent une d\u00e9ficience intellectuelle, associ\u00e9e ou non \u00e0 des troubles surajout\u00e9s : polyhandicap, autisme\u2026<br \/>\nDepuis le 1er septembre 2016, le SESSAD b\u00e9n\u00e9ficie de 5 places pour des enfants diagnostiqu\u00e9s TSA (Troubles du Spectre Autistique) domicili\u00e9s ou suivis sur les territoires de Altkirch et Saint-Louis et ce via une Plateforme cr\u00e9\u00e9e en partenariat avec les IME de Dannemarie et Bartenheim.<br \/>\n[\/et_pb_toggle][et_pb_toggle title=\u00a0\u00bbType de prise en charge\u00a0\u00bb admin_label=\u00a0\u00bbBascule\u00a0\u00bb _builder_version=\u00a0\u00bb4.16&Prime; background_size=\u00a0\u00bbinitial\u00a0\u00bb background_position=\u00a0\u00bbtop_left\u00a0\u00bb background_repeat=\u00a0\u00bbrepeat\u00a0\u00bb use_border_color=\u00a0\u00bboff\u00a0\u00bb border_color=\u00a0\u00bb#ffffff\u00a0\u00bb border_style=\u00a0\u00bbsolid\u00a0\u00bb global_colors_info=\u00a0\u00bb{}\u00a0\u00bb]La prise en charge s\u2019effectue s\u2019effectue dans tous les lieux de vie de l\u2019enfant : halte-garderie, \u00e9cole maternelle et primaire, ULIS, centre sportif, activit\u00e9s extra et p\u00e9riscolaires, piscine, centre \u00e9questre\u2026<br \/>\nEn lien avec le Projet Personnalis\u00e9, certaines interventions peuvent \u00e9galement se d\u00e9rouler au SESSAD.<br \/>\n[\/et_pb_toggle][et_pb_toggle title=\u00a0\u00bbNos engagements et objectifs\u00a0\u00bb admin_label=\u00a0\u00bbBascule\u00a0\u00bb _builder_version=\u00a0\u00bb4.16&Prime; background_size=\u00a0\u00bbinitial\u00a0\u00bb background_position=\u00a0\u00bbtop_left\u00a0\u00bb background_repeat=\u00a0\u00bbrepeat\u00a0\u00bb use_border_color=\u00a0\u00bboff\u00a0\u00bb border_color=\u00a0\u00bb#ffffff\u00a0\u00bb border_style=\u00a0\u00bbsolid\u00a0\u00bb global_colors_info=\u00a0\u00bb{}\u00a0\u00bb]<\/p>\n<p class=\"p1\">Ils s\u2019articulent autour de\u00a0:<\/p>\n<ul class=\"ul1\">\n<li class=\"li1\">La prise en charge pr\u00e9coce pour les enfants de la naissance \u00e0 20 ans comportant :<\/li>\n<li class=\"li1\">Le conseil et l\u2019accompagnement des familles et de l\u2019entourage familier de l\u2019enfant<\/li>\n<li class=\"li1\">L \u2018approfondissement du diagnostic<\/li>\n<li class=\"li1\">L\u2019aide au d\u00e9veloppement psychomoteur initial de l\u2019enfant<\/li>\n<li class=\"li1\">La pr\u00e9paration des orientations ult\u00e9rieures<\/li>\n<li class=\"li1\">Le soutien \u00e0 l\u2019int\u00e9gration scolaire<\/li>\n<\/ul>\n<ul class=\"ul1\">\n<li class=\"li1\">L\u2019acquisition de l\u2019autonomie comportant l\u2019ensemble des moyens m\u00e9dicaux, param\u00e9dicaux, psychosociaux, \u00e9ducatifs et p\u00e9dagogiques adapt\u00e9s. Les interventions s\u2019accomplissent dans les diff\u00e9rents lieux de vie et d\u2019activit\u00e9 de l\u2019enfant (domicile, cr\u00e8che, etc.) et dans les locaux du service.<\/li>\n<\/ul>\n<p>[\/et_pb_toggle][et_pb_toggle title=\u00a0\u00bbModalit\u00e9s d&rsquo;admission\u00a0\u00bb admin_label=\u00a0\u00bbBascule\u00a0\u00bb _builder_version=\u00a0\u00bb4.16&Prime; background_size=\u00a0\u00bbinitial\u00a0\u00bb background_position=\u00a0\u00bbtop_left\u00a0\u00bb background_repeat=\u00a0\u00bbrepeat\u00a0\u00bb use_border_color=\u00a0\u00bboff\u00a0\u00bb border_color=\u00a0\u00bb#ffffff\u00a0\u00bb border_style=\u00a0\u00bbsolid\u00a0\u00bb global_colors_info=\u00a0\u00bb{}\u00a0\u00bb]<span class=\"s1\">Apr\u00e8s notification de la CDA (Commission des Droits et de l\u2019Autonomie), sur demande \u00e9crite des parents, le SESSAD <\/span>enclenche la proc\u00e9dure d\u2019admission, qui, dans son d\u00e9roulement, tend \u00e0 prendre en compte les singularit\u00e9s individuelles et familiales. Cette proc\u00e9dure est limit\u00e9e \u00e0 une dur\u00e9e de 6 semaines durant lesquelles des professionnels vont faire connaissance avec l\u2019enfant et sa famille lors de diverses rencontres qui ont lieu, pour certaines \u00e0 domicile (assistante sociale et infirmi\u00e8re), pour d\u2019autres au service (m\u00e9decin p\u00e9diatre ou de r\u00e9\u00e9ducation fonctionnelle et psychologue).<br \/>\n[\/et_pb_toggle][\/et_pb_column][\/et_pb_row][\/et_pb_section]<\/p>\n","protected":false},"excerpt":{"rendered":"<p>&gt; Enfants et Adolescents \u00e2g\u00e9s de 0 \u00e0 20 ans Contact Directrice P\u00f4le Enfance : Linda LEDUCDirecteur D\u00e9l\u00e9gu\u00e9 : Damien SCHEUEREncadrante d&rsquo;\u00e9quipe\u00a0 : Elodie HERRGOTTAdministrateur r\u00e9f\u00e9rent : Prinio FRARE &nbsp;T\u00e9l.\u00a003 89 36 24 10 Adresse 15 avenue de Bruxelles 68350 Brunstatt-Didenheim Pr\u00e9sentation Le SESSAD, est compos\u00e9 d\u2019une \u00e9quipe pluridisciplinaire et travaille en partenariat et en [&hellip;]<\/p>\n","protected":false},"author":1,"featured_media":0,"comment_status":"open","ping_status":"open","sticky":false,"template":"","format":"standard","meta":{"_et_pb_use_builder":"on","_et_pb_old_content":"","_et_gb_content_width":"","footnotes":""},"categories":[11,22,33],"tags":[],"class_list":["post-847","post","type-post","status-publish","format-standard","hentry","category-sud-alsace","category-pole-enfance-education","category-sessad"],"yoast_head":"<!-- This site is optimized with the Yoast SEO plugin v28.4 - https:\/\/yoast.com\/product\/yoast-seo-wordpress\/ -->\n<title>SESSAD - Service d&#039;Education Sp\u00e9ciale et de Soins \u00e0 Domicile - Mulhouse - Adapei Papillons Blancs d&#039;Alsace<\/title>\n<meta name=\"robots\" content=\"index, follow, max-snippet:-1, max-image-preview:large, max-video-preview:-1\" \/>\n<link rel=\"canonical\" href=\"https:\/\/adapeipapillonsblancs.alsace\/index.php\/2017\/02\/05\/sessad-de-mulhouse\/\" \/>\n<meta property=\"og:locale\" content=\"fr_FR\" \/>\n<meta property=\"og:type\" content=\"article\" \/>\n<meta property=\"og:title\" content=\"SESSAD - Service d&#039;Education Sp\u00e9ciale et de Soins \u00e0 Domicile - Mulhouse - Adapei Papillons Blancs d&#039;Alsace\" \/>\n<meta property=\"og:description\" content=\"&gt; Enfants et Adolescents \u00e2g\u00e9s de 0 \u00e0 20 ans Contact Directrice P\u00f4le Enfance : Linda LEDUCDirecteur D\u00e9l\u00e9gu\u00e9 : Damien SCHEUEREncadrante d&#039;\u00e9quipe\u00a0 : Elodie HERRGOTTAdministrateur r\u00e9f\u00e9rent : Prinio FRARE &nbsp;T\u00e9l.\u00a003 89 36 24 10 Adresse 15 avenue de Bruxelles 68350 Brunstatt-Didenheim Pr\u00e9sentation Le SESSAD, est compos\u00e9 d\u2019une \u00e9quipe pluridisciplinaire et travaille en partenariat et en [&hellip;]\" \/>\n<meta property=\"og:url\" content=\"https:\/\/adapeipapillonsblancs.alsace\/index.php\/2017\/02\/05\/sessad-de-mulhouse\/\" \/>\n<meta property=\"og:site_name\" content=\"Adapei Papillons Blancs d&#039;Alsace\" \/>\n<meta property=\"article:published_time\" content=\"2017-02-05T19:07:47+00:00\" \/>\n<meta property=\"article:modified_time\" content=\"2026-02-02T08:03:20+00:00\" \/>\n<meta name=\"author\" content=\"APBA_Admin\" \/>\n<meta name=\"twitter:card\" content=\"summary_large_image\" \/>\n<meta name=\"twitter:label1\" content=\"\u00c9crit par\" \/>\n\t<meta name=\"twitter:data1\" content=\"APBA_Admin\" \/>\n\t<meta name=\"twitter:label2\" content=\"Dur\u00e9e de lecture estim\u00e9e\" \/>\n\t<meta name=\"twitter:data2\" content=\"13 minutes\" \/>\n<!-- \/ Yoast SEO plugin. -->","yoast_head_json":{"title":"SESSAD - Service d'Education Sp\u00e9ciale et de Soins \u00e0 Domicile - Mulhouse - Adapei Papillons Blancs d&#039;Alsace","robots":{"index":"index","follow":"follow","max-snippet":"max-snippet:-1","max-image-preview":"max-image-preview:large","max-video-preview":"max-video-preview:-1"},"canonical":"https:\/\/adapeipapillonsblancs.alsace\/index.php\/2017\/02\/05\/sessad-de-mulhouse\/","og_locale":"fr_FR","og_type":"article","og_title":"SESSAD - Service d'Education Sp\u00e9ciale et de Soins \u00e0 Domicile - Mulhouse - Adapei Papillons Blancs d&#039;Alsace","og_description":"&gt; Enfants et Adolescents \u00e2g\u00e9s de 0 \u00e0 20 ans Contact Directrice P\u00f4le Enfance : Linda LEDUCDirecteur D\u00e9l\u00e9gu\u00e9 : Damien SCHEUEREncadrante d'\u00e9quipe\u00a0 : Elodie HERRGOTTAdministrateur r\u00e9f\u00e9rent : Prinio FRARE &nbsp;T\u00e9l.\u00a003 89 36 24 10 Adresse 15 avenue de Bruxelles 68350 Brunstatt-Didenheim Pr\u00e9sentation Le SESSAD, est compos\u00e9 d\u2019une \u00e9quipe pluridisciplinaire et travaille en partenariat et en [&hellip;]","og_url":"https:\/\/adapeipapillonsblancs.alsace\/index.php\/2017\/02\/05\/sessad-de-mulhouse\/","og_site_name":"Adapei Papillons Blancs d&#039;Alsace","article_published_time":"2017-02-05T19:07:47+00:00","article_modified_time":"2026-02-02T08:03:20+00:00","author":"APBA_Admin","twitter_card":"summary_large_image","twitter_misc":{"\u00c9crit par":"APBA_Admin","Dur\u00e9e de lecture estim\u00e9e":"13 minutes"},"schema":{"@context":"https:\/\/schema.org","@graph":[{"@type":"Article","@id":"https:\/\/adapeipapillonsblancs.alsace\/index.php\/2017\/02\/05\/sessad-de-mulhouse\/#article","isPartOf":{"@id":"https:\/\/adapeipapillonsblancs.alsace\/index.php\/2017\/02\/05\/sessad-de-mulhouse\/"},"author":{"name":"APBA_Admin","@id":"https:\/\/adapeipapillonsblancs.alsace\/#\/schema\/person\/ed34171a9b1882f95d3f84f797aadc82"},"headline":"SESSAD &#8211; Service d&rsquo;Education Sp\u00e9ciale et de Soins \u00e0 Domicile &#8211; Mulhouse","datePublished":"2017-02-05T19:07:47+00:00","dateModified":"2026-02-02T08:03:20+00:00","mainEntityOfPage":{"@id":"https:\/\/adapeipapillonsblancs.alsace\/index.php\/2017\/02\/05\/sessad-de-mulhouse\/"},"wordCount":2581,"commentCount":0,"articleSection":["Alsace Sud","P\u00f4le Enfance Education","Sessad"],"inLanguage":"fr-FR","potentialAction":[{"@type":"CommentAction","name":"Comment","target":["https:\/\/adapeipapillonsblancs.alsace\/index.php\/2017\/02\/05\/sessad-de-mulhouse\/#respond"]}]},{"@type":"WebPage","@id":"https:\/\/adapeipapillonsblancs.alsace\/index.php\/2017\/02\/05\/sessad-de-mulhouse\/","url":"https:\/\/adapeipapillonsblancs.alsace\/index.php\/2017\/02\/05\/sessad-de-mulhouse\/","name":"SESSAD - Service d'Education Sp\u00e9ciale et de Soins \u00e0 Domicile - Mulhouse - Adapei Papillons Blancs d&#039;Alsace","isPartOf":{"@id":"https:\/\/adapeipapillonsblancs.alsace\/#website"},"datePublished":"2017-02-05T19:07:47+00:00","dateModified":"2026-02-02T08:03:20+00:00","author":{"@id":"https:\/\/adapeipapillonsblancs.alsace\/#\/schema\/person\/ed34171a9b1882f95d3f84f797aadc82"},"breadcrumb":{"@id":"https:\/\/adapeipapillonsblancs.alsace\/index.php\/2017\/02\/05\/sessad-de-mulhouse\/#breadcrumb"},"inLanguage":"fr-FR","potentialAction":[{"@type":"ReadAction","target":["https:\/\/adapeipapillonsblancs.alsace\/index.php\/2017\/02\/05\/sessad-de-mulhouse\/"]}]},{"@type":"BreadcrumbList","@id":"https:\/\/adapeipapillonsblancs.alsace\/index.php\/2017\/02\/05\/sessad-de-mulhouse\/#breadcrumb","itemListElement":[{"@type":"ListItem","position":1,"name":"Accueil","item":"https:\/\/adapeipapillonsblancs.alsace\/"},{"@type":"ListItem","position":2,"name":"SESSAD &#8211; Service d&rsquo;Education Sp\u00e9ciale et de Soins \u00e0 Domicile &#8211; Mulhouse"}]},{"@type":"WebSite","@id":"https:\/\/adapeipapillonsblancs.alsace\/#website","url":"https:\/\/adapeipapillonsblancs.alsace\/","name":"Adapei Papillons Blancs d&#039;Alsace","description":"Ensemble, plus loin, plus fort !","potentialAction":[{"@type":"SearchAction","target":{"@type":"EntryPoint","urlTemplate":"https:\/\/adapeipapillonsblancs.alsace\/?s={search_term_string}"},"query-input":{"@type":"PropertyValueSpecification","valueRequired":true,"valueName":"search_term_string"}}],"inLanguage":"fr-FR"},{"@type":"Person","@id":"https:\/\/adapeipapillonsblancs.alsace\/#\/schema\/person\/ed34171a9b1882f95d3f84f797aadc82","name":"APBA_Admin","image":{"@type":"ImageObject","inLanguage":"fr-FR","@id":"https:\/\/secure.gravatar.com\/avatar\/3be690d82ef8d1aebcdc03ccd329a9f5522a42e27d7b0409920c18ff0bc3f3ec?s=96&d=mm&r=g","url":"https:\/\/secure.gravatar.com\/avatar\/3be690d82ef8d1aebcdc03ccd329a9f5522a42e27d7b0409920c18ff0bc3f3ec?s=96&d=mm&r=g","contentUrl":"https:\/\/secure.gravatar.com\/avatar\/3be690d82ef8d1aebcdc03ccd329a9f5522a42e27d7b0409920c18ff0bc3f3ec?s=96&d=mm&r=g","caption":"APBA_Admin"},"url":"https:\/\/adapeipapillonsblancs.alsace\/index.php\/author\/apba_admin\/"}]}},"_links":{"self":[{"href":"https:\/\/adapeipapillonsblancs.alsace\/index.php\/wp-json\/wp\/v2\/posts\/847","targetHints":{"allow":["GET"]}}],"collection":[{"href":"https:\/\/adapeipapillonsblancs.alsace\/index.php\/wp-json\/wp\/v2\/posts"}],"about":[{"href":"https:\/\/adapeipapillonsblancs.alsace\/index.php\/wp-json\/wp\/v2\/types\/post"}],"author":[{"embeddable":true,"href":"https:\/\/adapeipapillonsblancs.alsace\/index.php\/wp-json\/wp\/v2\/users\/1"}],"replies":[{"embeddable":true,"href":"https:\/\/adapeipapillonsblancs.alsace\/index.php\/wp-json\/wp\/v2\/comments?post=847"}],"version-history":[{"count":0,"href":"https:\/\/adapeipapillonsblancs.alsace\/index.php\/wp-json\/wp\/v2\/posts\/847\/revisions"}],"wp:attachment":[{"href":"https:\/\/adapeipapillonsblancs.alsace\/index.php\/wp-json\/wp\/v2\/media?parent=847"}],"wp:term":[{"taxonomy":"category","embeddable":true,"href":"https:\/\/adapeipapillonsblancs.alsace\/index.php\/wp-json\/wp\/v2\/categories?post=847"},{"taxonomy":"post_tag","embeddable":true,"href":"https:\/\/adapeipapillonsblancs.alsace\/index.php\/wp-json\/wp\/v2\/tags?post=847"}],"curies":[{"name":"wp","href":"https:\/\/api.w.org\/{rel}","templated":true}]}}