{"id":9748,"date":"2021-02-25T09:52:50","date_gmt":"2021-02-25T08:52:50","guid":{"rendered":"https:\/\/adapeipapillonsblancs.alsace\/?p=9748"},"modified":"2025-04-04T08:02:54","modified_gmt":"2025-04-04T06:02:54","slug":"esat-dannemarie","status":"publish","type":"post","link":"https:\/\/adapeipapillonsblancs.alsace\/index.php\/2021\/02\/25\/esat-dannemarie\/","title":{"rendered":"ESAT KAEMMERLEN"},"content":{"rendered":"<p>[et_pb_section fb_built=\u00a0\u00bb1&Prime; custom_padding_last_edited=\u00a0\u00bbon|desktop\u00a0\u00bb admin_label=\u00a0\u00bbSection 1 &#8211; Fiche Etablissement\u00a0\u00bb _builder_version=\u00a0\u00bb4.16&Prime; custom_padding=\u00a0\u00bb0px|0px|0px|0px\u00a0\u00bb custom_padding_tablet=\u00a0\u00bb0px|12px|0px|12px\u00a0\u00bb custom_padding_phone=\u00a0\u00bb\u00a0\u00bb transparent_background=\u00a0\u00bboff\u00a0\u00bb make_fullwidth=\u00a0\u00bboff\u00a0\u00bb use_custom_width=\u00a0\u00bboff\u00a0\u00bb width_unit=\u00a0\u00bboff\u00a0\u00bb custom_width_px=\u00a0\u00bb1080px\u00a0\u00bb custom_width_percent=\u00a0\u00bb80%\u00a0\u00bb global_colors_info=\u00a0\u00bb{}\u00a0\u00bb][et_pb_row admin_label=\u00a0\u00bbrow\u00a0\u00bb _builder_version=\u00a0\u00bb4.16&Prime; background_size=\u00a0\u00bbinitial\u00a0\u00bb background_position=\u00a0\u00bbtop_left\u00a0\u00bb background_repeat=\u00a0\u00bbrepeat\u00a0\u00bb custom_padding=\u00a0\u00bb0px|0px|0px|0px\u00a0\u00bb make_fullwidth=\u00a0\u00bboff\u00a0\u00bb use_custom_width=\u00a0\u00bboff\u00a0\u00bb width_unit=\u00a0\u00bboff\u00a0\u00bb custom_width_px=\u00a0\u00bb1080px\u00a0\u00bb custom_width_percent=\u00a0\u00bb80%\u00a0\u00bb global_colors_info=\u00a0\u00bb{}\u00a0\u00bb][et_pb_column type=\u00a0\u00bb4_4&Prime; _builder_version=\u00a0\u00bb4.16&Prime; custom_padding=\u00a0\u00bb|||\u00a0\u00bb global_colors_info=\u00a0\u00bb{}\u00a0\u00bb custom_padding__hover=\u00a0\u00bb|||\u00a0\u00bb][et_pb_divider color=\u00a0\u00bb#000000&Prime; divider_style=\u00a0\u00bbdotted\u00a0\u00bb divider_weight=\u00a0\u00bb2px\u00a0\u00bb disabled_on=\u00a0\u00bbon|on|\u00a0\u00bb admin_label=\u00a0\u00bbS\u00e9parateur\u00a0\u00bb _builder_version=\u00a0\u00bb4.16&Prime; height=\u00a0\u00bb8px\u00a0\u00bb hide_on_mobile=\u00a0\u00bbon\u00a0\u00bb global_colors_info=\u00a0\u00bb{}\u00a0\u00bb][\/et_pb_divider][et_pb_text admin_label=\u00a0\u00bbTexte Public ESAT\u00a0\u00bb _builder_version=\u00a0\u00bb4.16&Prime; text_text_color=\u00a0\u00bb#07ba96&Prime; background_size=\u00a0\u00bbinitial\u00a0\u00bb background_position=\u00a0\u00bbtop_left\u00a0\u00bb background_repeat=\u00a0\u00bbrepeat\u00a0\u00bb use_border_color=\u00a0\u00bboff\u00a0\u00bb border_style=\u00a0\u00bbsolid\u00a0\u00bb saved_tabs=\u00a0\u00bball\u00a0\u00bb global_colors_info=\u00a0\u00bb{}\u00a0\u00bb]<strong>&gt; Adultes reconnus travailleurs handicap\u00e9s<\/strong><br \/>\n[\/et_pb_text][\/et_pb_column][\/et_pb_row][et_pb_row column_structure=\u00a0\u00bb1_2,1_2&Prime; admin_label=\u00a0\u00bbrow\u00a0\u00bb _builder_version=\u00a0\u00bb4.16&Prime; background_size=\u00a0\u00bbinitial\u00a0\u00bb background_position=\u00a0\u00bbtop_left\u00a0\u00bb background_repeat=\u00a0\u00bbrepeat\u00a0\u00bb custom_padding=\u00a0\u00bb0px|0px|24px|0px\u00a0\u00bb make_fullwidth=\u00a0\u00bboff\u00a0\u00bb use_custom_width=\u00a0\u00bboff\u00a0\u00bb width_unit=\u00a0\u00bboff\u00a0\u00bb custom_width_px=\u00a0\u00bb1080px\u00a0\u00bb custom_width_percent=\u00a0\u00bb80%\u00a0\u00bb global_colors_info=\u00a0\u00bb{}\u00a0\u00bb][et_pb_column type=\u00a0\u00bb1_2&Prime; _builder_version=\u00a0\u00bb4.16&Prime; custom_padding=\u00a0\u00bb|||\u00a0\u00bb global_colors_info=\u00a0\u00bb{}\u00a0\u00bb custom_padding__hover=\u00a0\u00bb|||\u00a0\u00bb][et_pb_text admin_label=\u00a0\u00bbTexte &#8211; Contact\u00a0\u00bb _builder_version=\u00a0\u00bb4.24.3&Prime; background_size=\u00a0\u00bbinitial\u00a0\u00bb background_position=\u00a0\u00bbtop_left\u00a0\u00bb background_repeat=\u00a0\u00bbrepeat\u00a0\u00bb text_font_size_tablet=\u00a0\u00bb14px\u00a0\u00bb text_font_size_phone=\u00a0\u00bb\u00a0\u00bb text_font_size_last_edited=\u00a0\u00bbon|phone\u00a0\u00bb use_border_color=\u00a0\u00bboff\u00a0\u00bb border_color=\u00a0\u00bb#ffffff\u00a0\u00bb border_style=\u00a0\u00bbsolid\u00a0\u00bb global_colors_info=\u00a0\u00bb{}\u00a0\u00bb]<\/p>\n<h2>Contact<\/h2>\n<p><strong>Directeur P\u00f4le Travail : Bruno VILAIN<br \/>Directeur D\u00e9l\u00e9gu\u00e9 68 P\u00f4le Travail : Faycel GHAZI<br \/>Directrice Adjointe : Caroline LANAO<br \/>Administrateur r\u00e9f\u00e9rent : Fr\u00e9d\u00e9ric AIAT<br \/><\/strong><strong><\/strong><strong><\/strong><\/p>\n<p>[\/et_pb_text][et_pb_text disabled_on=\u00a0\u00bbon|on|\u00a0\u00bb admin_label=\u00a0\u00bbTexte &#8211; T\u00e9l\u00a0\u00bb _builder_version=\u00a0\u00bb4.24.0&Prime; background_size=\u00a0\u00bbinitial\u00a0\u00bb background_position=\u00a0\u00bbtop_left\u00a0\u00bb background_repeat=\u00a0\u00bbrepeat\u00a0\u00bb text_font_size_tablet=\u00a0\u00bb14px\u00a0\u00bb text_font_size_phone=\u00a0\u00bb\u00a0\u00bb text_font_size_last_edited=\u00a0\u00bbon|phone\u00a0\u00bb use_border_color=\u00a0\u00bboff\u00a0\u00bb border_style=\u00a0\u00bbsolid\u00a0\u00bb global_colors_info=\u00a0\u00bb{}\u00a0\u00bb]<\/p>\n<p><strong>T\u00e9l. 03 89 08 07 80\u00a0\u00a0\u00a0 <\/strong><\/p>\n<p>[\/et_pb_text][et_pb_button button_url=\u00a0\u00bbtel:+33389080780&Prime; button_text=\u00a0\u00bb03 89 08 07 80    \u00a0\u00bb button_alignment=\u00a0\u00bbleft\u00a0\u00bb disabled_on=\u00a0\u00bb||on\u00a0\u00bb admin_label=\u00a0\u00bbBouton &#8211; T\u00e9l\u00a0\u00bb _builder_version=\u00a0\u00bb4.27.4&Prime; custom_button=\u00a0\u00bbon\u00a0\u00bb button_text_size=\u00a0\u00bb14px\u00a0\u00bb button_text_color=\u00a0\u00bb#ffffff\u00a0\u00bb button_bg_color=\u00a0\u00bbrgba(147,147,147,0.66)\u00a0\u00bb button_border_width=\u00a0\u00bb1px\u00a0\u00bb button_border_color=\u00a0\u00bb#ffffff\u00a0\u00bb button_font=\u00a0\u00bb|on|||\u00a0\u00bb button_icon=\u00a0\u00bb&#xe090;||divi||400&Prime; button_icon_color=\u00a0\u00bb#ffffff\u00a0\u00bb button_icon_placement=\u00a0\u00bbleft\u00a0\u00bb button_on_hover=\u00a0\u00bboff\u00a0\u00bb hover_enabled=\u00a0\u00bb0&Prime; button_text_color_hover=\u00a0\u00bbrgba(255,255,255,0.69)\u00a0\u00bb button_border_radius_hover=\u00a0\u00bb1px\u00a0\u00bb button_letter_spacing_hover=\u00a0\u00bb0&Prime; global_colors_info=\u00a0\u00bb{}\u00a0\u00bb button_text_size__hover_enabled=\u00a0\u00bboff\u00a0\u00bb button_one_text_size__hover_enabled=\u00a0\u00bboff\u00a0\u00bb button_two_text_size__hover_enabled=\u00a0\u00bboff\u00a0\u00bb button_text_color__hover_enabled=\u00a0\u00bbon\u00a0\u00bb button_text_color__hover=\u00a0\u00bbrgba(255,255,255,0.69)\u00a0\u00bb button_one_text_color__hover_enabled=\u00a0\u00bboff\u00a0\u00bb button_two_text_color__hover_enabled=\u00a0\u00bboff\u00a0\u00bb button_border_width__hover_enabled=\u00a0\u00bboff\u00a0\u00bb button_one_border_width__hover_enabled=\u00a0\u00bboff\u00a0\u00bb button_two_border_width__hover_enabled=\u00a0\u00bboff\u00a0\u00bb button_border_color__hover_enabled=\u00a0\u00bboff\u00a0\u00bb button_one_border_color__hover_enabled=\u00a0\u00bboff\u00a0\u00bb button_two_border_color__hover_enabled=\u00a0\u00bboff\u00a0\u00bb button_border_radius__hover_enabled=\u00a0\u00bbon\u00a0\u00bb button_border_radius__hover=\u00a0\u00bb1px\u00a0\u00bb button_one_border_radius__hover_enabled=\u00a0\u00bboff\u00a0\u00bb button_two_border_radius__hover_enabled=\u00a0\u00bboff\u00a0\u00bb button_letter_spacing__hover_enabled=\u00a0\u00bbon\u00a0\u00bb button_letter_spacing__hover=\u00a0\u00bb0&Prime; button_one_letter_spacing__hover_enabled=\u00a0\u00bboff\u00a0\u00bb button_two_letter_spacing__hover_enabled=\u00a0\u00bboff\u00a0\u00bb button_bg_color__hover_enabled=\u00a0\u00bboff\u00a0\u00bb button_one_bg_color__hover_enabled=\u00a0\u00bboff\u00a0\u00bb button_two_bg_color__hover_enabled=\u00a0\u00bboff\u00a0\u00bb sticky_enabled=\u00a0\u00bb0&Prime;][\/et_pb_button][et_pb_button button_url=\u00a0\u00bbmailto:clanao@adapeipapillonsblancs.alsace\u00a0\u00bb button_text=\u00a0\u00bbclanao@adapeipapillonsblancs.alsace\u00a0\u00bb button_alignment=\u00a0\u00bbleft\u00a0\u00bb admin_label=\u00a0\u00bbBouton &#8211; Email\u00a0\u00bb _builder_version=\u00a0\u00bb4.23.1&Prime; custom_button=\u00a0\u00bbon\u00a0\u00bb button_text_size=\u00a0\u00bb14px\u00a0\u00bb button_text_color=\u00a0\u00bb#ffffff\u00a0\u00bb button_bg_color=\u00a0\u00bbrgba(147,147,147,0.66)\u00a0\u00bb button_border_width=\u00a0\u00bb1px\u00a0\u00bb button_border_color=\u00a0\u00bb#ffffff\u00a0\u00bb button_font=\u00a0\u00bb|on|||\u00a0\u00bb button_icon=\u00a0\u00bb&#xe010;||divi||400&Prime; button_icon_color=\u00a0\u00bb#ffffff\u00a0\u00bb button_icon_placement=\u00a0\u00bbleft\u00a0\u00bb button_on_hover=\u00a0\u00bboff\u00a0\u00bb button_text_color_hover=\u00a0\u00bbrgba(255,255,255,0.69)\u00a0\u00bb button_border_radius_hover=\u00a0\u00bb1px\u00a0\u00bb button_letter_spacing_hover=\u00a0\u00bb0&Prime; global_colors_info=\u00a0\u00bb{}\u00a0\u00bb button_text_size__hover_enabled=\u00a0\u00bboff\u00a0\u00bb button_one_text_size__hover_enabled=\u00a0\u00bboff\u00a0\u00bb button_two_text_size__hover_enabled=\u00a0\u00bboff\u00a0\u00bb button_text_color__hover_enabled=\u00a0\u00bbon\u00a0\u00bb button_text_color__hover=\u00a0\u00bbrgba(255,255,255,0.69)\u00a0\u00bb button_one_text_color__hover_enabled=\u00a0\u00bboff\u00a0\u00bb button_two_text_color__hover_enabled=\u00a0\u00bboff\u00a0\u00bb button_border_width__hover_enabled=\u00a0\u00bboff\u00a0\u00bb button_one_border_width__hover_enabled=\u00a0\u00bboff\u00a0\u00bb button_two_border_width__hover_enabled=\u00a0\u00bboff\u00a0\u00bb button_border_color__hover_enabled=\u00a0\u00bboff\u00a0\u00bb button_one_border_color__hover_enabled=\u00a0\u00bboff\u00a0\u00bb button_two_border_color__hover_enabled=\u00a0\u00bboff\u00a0\u00bb button_border_radius__hover_enabled=\u00a0\u00bbon\u00a0\u00bb button_border_radius__hover=\u00a0\u00bb1px\u00a0\u00bb button_one_border_radius__hover_enabled=\u00a0\u00bboff\u00a0\u00bb button_two_border_radius__hover_enabled=\u00a0\u00bboff\u00a0\u00bb button_letter_spacing__hover_enabled=\u00a0\u00bbon\u00a0\u00bb button_letter_spacing__hover=\u00a0\u00bb0&Prime; button_one_letter_spacing__hover_enabled=\u00a0\u00bboff\u00a0\u00bb button_two_letter_spacing__hover_enabled=\u00a0\u00bboff\u00a0\u00bb button_bg_color__hover_enabled=\u00a0\u00bboff\u00a0\u00bb button_one_bg_color__hover_enabled=\u00a0\u00bboff\u00a0\u00bb button_two_bg_color__hover_enabled=\u00a0\u00bboff\u00a0\u00bb][\/et_pb_button][et_pb_text admin_label=\u00a0\u00bbTexte &#8211; Adresse\u00a0\u00bb _builder_version=\u00a0\u00bb4.18.1&Prime; background_size=\u00a0\u00bbinitial\u00a0\u00bb background_position=\u00a0\u00bbtop_left\u00a0\u00bb background_repeat=\u00a0\u00bbrepeat\u00a0\u00bb text_font_size_tablet=\u00a0\u00bb14px\u00a0\u00bb text_font_size_phone=\u00a0\u00bb\u00a0\u00bb text_font_size_last_edited=\u00a0\u00bbon|phone\u00a0\u00bb use_border_color=\u00a0\u00bboff\u00a0\u00bb border_style=\u00a0\u00bbsolid\u00a0\u00bb global_colors_info=\u00a0\u00bb{}\u00a0\u00bb]<\/p>\n<h2>Adresse<\/h2>\n<p><strong>30 rue de Delle<br \/>68210 DANNEMARIE<br \/><\/strong><\/p>\n<p>[\/et_pb_text][\/et_pb_column][et_pb_column type=\u00a0\u00bb1_2&Prime; _builder_version=\u00a0\u00bb4.16&Prime; custom_padding=\u00a0\u00bb|||\u00a0\u00bb global_colors_info=\u00a0\u00bb{}\u00a0\u00bb custom_padding__hover=\u00a0\u00bb|||\u00a0\u00bb][et_pb_text admin_label=\u00a0\u00bbTexte &#8211; Pr\u00e9sentation \u00a0\u00bb _builder_version=\u00a0\u00bb4.16&Prime; background_size=\u00a0\u00bbinitial\u00a0\u00bb background_position=\u00a0\u00bbtop_left\u00a0\u00bb background_repeat=\u00a0\u00bbrepeat\u00a0\u00bb text_font_size_tablet=\u00a0\u00bb14px\u00a0\u00bb text_font_size_phone=\u00a0\u00bb\u00a0\u00bb text_font_size_last_edited=\u00a0\u00bbon|phone\u00a0\u00bb header_line_height_tablet=\u00a0\u00bb1.2em\u00a0\u00bb header_line_height_phone=\u00a0\u00bb\u00a0\u00bb header_line_height_last_edited=\u00a0\u00bbon|phone\u00a0\u00bb use_border_color=\u00a0\u00bboff\u00a0\u00bb border_style=\u00a0\u00bbsolid\u00a0\u00bb global_colors_info=\u00a0\u00bb{}\u00a0\u00bb]<\/p>\n<h2>Pr\u00e9sentation<\/h2>\n<p class=\"p1\">Implant\u00e9 au coeur de la ville de Dannemarie, l&rsquo;ESAT Kaemmerlen a \u00e9t\u00e9 cr\u00e9\u00e9 en 1980 avec pour mission d&rsquo;aider la personne en situation de handicap \u00e0 s&rsquo;ins\u00e9rer dans la soci\u00e9t\u00e9 par le travail. Cette activit\u00e9 professionnelle est \u00e9tay\u00e9e par des actions de formation et de soutien afin de l&rsquo;aider \u00e0 d\u00e9velopper ses comp\u00e9tences et acc\u00e9der \u00e0 plus d&rsquo;autonomie.<\/p>\n<p>[\/et_pb_text][\/et_pb_column][\/et_pb_row][\/et_pb_section][et_pb_section fb_built=\u00a0\u00bb1&Prime; custom_padding_last_edited=\u00a0\u00bbon|phone\u00a0\u00bb admin_label=\u00a0\u00bbSection 2 &#8211; Fiche Etablissement\u00a0\u00bb _builder_version=\u00a0\u00bb4.16&Prime; custom_padding=\u00a0\u00bb0px||0px|\u00a0\u00bb custom_padding_tablet=\u00a0\u00bb0px|12px|0px|12px\u00a0\u00bb custom_padding_phone=\u00a0\u00bb\u00a0\u00bb transparent_background=\u00a0\u00bboff\u00a0\u00bb make_fullwidth=\u00a0\u00bboff\u00a0\u00bb use_custom_width=\u00a0\u00bboff\u00a0\u00bb width_unit=\u00a0\u00bboff\u00a0\u00bb custom_width_px=\u00a0\u00bb1080px\u00a0\u00bb custom_width_percent=\u00a0\u00bb80%\u00a0\u00bb global_colors_info=\u00a0\u00bb{}\u00a0\u00bb][et_pb_row column_structure=\u00a0\u00bb1_2,1_2&Prime; use_custom_gutter=\u00a0\u00bbon\u00a0\u00bb make_equal=\u00a0\u00bbon\u00a0\u00bb disabled_on=\u00a0\u00bbon|on|on\u00a0\u00bb admin_label=\u00a0\u00bbrow\u00a0\u00bb _builder_version=\u00a0\u00bb4.16&Prime; background_size=\u00a0\u00bbinitial\u00a0\u00bb background_position=\u00a0\u00bbtop_left\u00a0\u00bb background_repeat=\u00a0\u00bbrepeat\u00a0\u00bb custom_padding=\u00a0\u00bb0px|0px|0px|0px\u00a0\u00bb make_fullwidth=\u00a0\u00bboff\u00a0\u00bb use_custom_width=\u00a0\u00bboff\u00a0\u00bb width_unit=\u00a0\u00bboff\u00a0\u00bb disabled=\u00a0\u00bbon\u00a0\u00bb global_colors_info=\u00a0\u00bb{}\u00a0\u00bb][et_pb_column type=\u00a0\u00bb1_2&Prime; _builder_version=\u00a0\u00bb4.16&Prime; background_color=\u00a0\u00bbrgba(147,147,147,0.66)\u00a0\u00bb custom_padding=\u00a0\u00bb20px|28px|20px|24px\u00a0\u00bb global_colors_info=\u00a0\u00bb{}\u00a0\u00bb custom_padding__hover=\u00a0\u00bb|||\u00a0\u00bb][et_pb_blurb title=\u00a0\u00bbPublic accueilli\u00a0\u00bb use_icon=\u00a0\u00bbon\u00a0\u00bb font_icon=\u00a0\u00bb&#x55;||divi||400&Prime; icon_color=\u00a0\u00bb#ffffff\u00a0\u00bb icon_placement=\u00a0\u00bbleft\u00a0\u00bb admin_label=\u00a0\u00bbBlurb &#8211; Public Accueilli\u00a0\u00bb _builder_version=\u00a0\u00bb4.16&Prime; header_font=\u00a0\u00bb|on|||\u00a0\u00bb header_font_size=\u00a0\u00bb20px\u00a0\u00bb background_size=\u00a0\u00bbinitial\u00a0\u00bb background_position=\u00a0\u00bbtop_left\u00a0\u00bb background_repeat=\u00a0\u00bbrepeat\u00a0\u00bb background_layout=\u00a0\u00bbdark\u00a0\u00bb custom_margin=\u00a0\u00bb|||\u00a0\u00bb custom_padding=\u00a0\u00bb|||\u00a0\u00bb animation=\u00a0\u00bbright\u00a0\u00bb body_font_size_tablet=\u00a0\u00bb16px\u00a0\u00bb body_font_size_phone=\u00a0\u00bb\u00a0\u00bb body_font_size_last_edited=\u00a0\u00bbon|tablet\u00a0\u00bb use_border_color=\u00a0\u00bboff\u00a0\u00bb border_color=\u00a0\u00bb#ffffff\u00a0\u00bb border_width=\u00a0\u00bb1px\u00a0\u00bb border_style=\u00a0\u00bbsolid\u00a0\u00bb global_colors_info=\u00a0\u00bb{}\u00a0\u00bb]<\/p>\n<p class=\"p1\">Les personnes accueillies \u00e0 l\u2019ESAT sont des personnes adultes de plus de 20 ans pr\u00e9sentant une d\u00e9ficience intellectuelle ou une d\u00e9ficience du psychisme. Une m\u00eame personne peut pr\u00e9senter plusieurs d\u00e9ficiences associ\u00e9es .<\/p>\n<p>[\/et_pb_blurb][et_pb_blurb title=\u00a0\u00bbType de prise en charge\u00a0\u00bb use_icon=\u00a0\u00bbon\u00a0\u00bb font_icon=\u00a0\u00bb&#x5a;||divi||400&Prime; icon_color=\u00a0\u00bb#ffffff\u00a0\u00bb icon_placement=\u00a0\u00bbleft\u00a0\u00bb admin_label=\u00a0\u00bbBlurb &#8211; Type de prise en charge\u00a0\u00bb _builder_version=\u00a0\u00bb4.16&Prime; header_font=\u00a0\u00bb|on|||\u00a0\u00bb header_font_size=\u00a0\u00bb20px\u00a0\u00bb background_size=\u00a0\u00bbinitial\u00a0\u00bb background_position=\u00a0\u00bbtop_left\u00a0\u00bb background_repeat=\u00a0\u00bbrepeat\u00a0\u00bb background_layout=\u00a0\u00bbdark\u00a0\u00bb custom_margin=\u00a0\u00bb48px|||\u00a0\u00bb custom_padding=\u00a0\u00bb|||\u00a0\u00bb animation=\u00a0\u00bbright\u00a0\u00bb body_font_size_tablet=\u00a0\u00bb16px\u00a0\u00bb body_font_size_phone=\u00a0\u00bb\u00a0\u00bb body_font_size_last_edited=\u00a0\u00bbon|desktop\u00a0\u00bb use_border_color=\u00a0\u00bboff\u00a0\u00bb border_color=\u00a0\u00bb#ffffff\u00a0\u00bb border_width=\u00a0\u00bb1px\u00a0\u00bb border_style=\u00a0\u00bbsolid\u00a0\u00bb global_colors_info=\u00a0\u00bb{}\u00a0\u00bb]<\/p>\n<p class=\"p1\">Au quotidien, l\u2019accompagnement de la personne passe par le rep\u00e9rage de<span class=\"Apple-converted-space\">\u00a0 <\/span>toutes ses forces mobilis\u00e9es<span class=\"Apple-converted-space\">\u00a0 <\/span>et mobilisables, ainsi que le recueil de ses attentes et ses besoins. L\u2019objectif est de construire avec elle son projet professionnel et son projet de vie, visant la meilleure int\u00e9gration possible dans son environnement ainsi que son \u00e9panouissement.<\/p>\n<p><em><strong>Pour ce faire nous devons prendre en compte les particularit\u00e9s de chacun.<\/strong><\/em><\/p>\n<p>La compensation de la d\u00e9ficience est le c\u0153ur de m\u00e9tier de notre association. Les travaux et les rythmes sont adapt\u00e9s pour correspondent aux capacit\u00e9s des travailleurs.<br \/>\n[\/et_pb_blurb][\/et_pb_column][et_pb_column type=\u00a0\u00bb1_2&Prime; _builder_version=\u00a0\u00bb4.16&Prime; background_color=\u00a0\u00bb#939393&Prime; custom_padding=\u00a0\u00bb20px|28px|20px|24px\u00a0\u00bb global_colors_info=\u00a0\u00bb{}\u00a0\u00bb custom_padding__hover=\u00a0\u00bb|||\u00a0\u00bb][et_pb_blurb title=\u00a0\u00bbNos engagements et objectifs\u00a0\u00bb use_icon=\u00a0\u00bbon\u00a0\u00bb font_icon=\u00a0\u00bb&#xe60f;||divi||400&Prime; icon_color=\u00a0\u00bb#ffffff\u00a0\u00bb icon_placement=\u00a0\u00bbleft\u00a0\u00bb admin_label=\u00a0\u00bbBlurb &#8211; Engagements et objectifs\u00a0\u00bb _builder_version=\u00a0\u00bb4.16&Prime; header_font=\u00a0\u00bb|on|||\u00a0\u00bb header_font_size=\u00a0\u00bb20px\u00a0\u00bb header_line_height=\u00a0\u00bb1.2em\u00a0\u00bb background_size=\u00a0\u00bbinitial\u00a0\u00bb background_position=\u00a0\u00bbtop_left\u00a0\u00bb background_repeat=\u00a0\u00bbrepeat\u00a0\u00bb background_layout=\u00a0\u00bbdark\u00a0\u00bb custom_margin=\u00a0\u00bb|||\u00a0\u00bb animation=\u00a0\u00bbright\u00a0\u00bb body_font_size_tablet=\u00a0\u00bb16px\u00a0\u00bb body_font_size_phone=\u00a0\u00bb\u00a0\u00bb body_font_size_last_edited=\u00a0\u00bbon|phone\u00a0\u00bb use_border_color=\u00a0\u00bboff\u00a0\u00bb border_color=\u00a0\u00bb#ffffff\u00a0\u00bb border_width=\u00a0\u00bb1px\u00a0\u00bb border_style=\u00a0\u00bbsolid\u00a0\u00bb global_colors_info=\u00a0\u00bb{}\u00a0\u00bb]<\/p>\n<p class=\"p1\"><strong>L\u2019Accompagnement professionnel\u00a0:<br \/>\n<\/strong>Il s\u2019agit de faciliter le d\u00e9veloppement des comp\u00e9tences des travailleurs et de reconnaitre leurs savoir-faire au travers de la reconnaissance des acquis de l\u2019exp\u00e9rience. Notre action portera \u00e9galement sur la formation et la qualification, si possible de droit commun, ainsi que sur l\u2019int\u00e9gration en milieu ordinaire de travail pour les travailleurs dont c\u2019est le projet.<\/p>\n<p class=\"p1\"><strong>L\u2019Accompagnement m\u00e9dico-social\u00a0:<br \/>\n<\/strong>L\u2019accompagnement m\u00e9dico-social doit mettre en \u0153uvre des strat\u00e9gies permettant de rendre l\u2019information accessible afin de d\u00e9velopper ensuite le pouvoir d\u2019agir des travailleurs.<br \/>\nCette d\u00e9marche favorisera l\u2019acc\u00e8s \u00e0 l\u2019autonomie et \u00e0 la citoyennet\u00e9 des personnes que nous accompagnons.<\/p>\n<p class=\"p1\"><strong>L\u2019Activit\u00e9s de production et prestation de service\u00a0:<br \/>\n<\/strong>Notre activit\u00e9 doit se p\u00e9renniser, notamment via la satisfaction de donneur d\u2019ordre, mais aussi par l\u2019optimisation de nos moyens et la diversification de notre activit\u00e9 professionnelle.<\/p>\n<p>[\/et_pb_blurb][\/et_pb_column][\/et_pb_row][et_pb_row column_structure=\u00a0\u00bb1_4,3_4&Prime; disabled_on=\u00a0\u00bbon|on|on\u00a0\u00bb admin_label=\u00a0\u00bbLigne\u00a0\u00bb _builder_version=\u00a0\u00bb4.16&Prime; background_size=\u00a0\u00bbinitial\u00a0\u00bb background_position=\u00a0\u00bbtop_left\u00a0\u00bb background_repeat=\u00a0\u00bbrepeat\u00a0\u00bb custom_padding=\u00a0\u00bb20px|0px|20px|0px\u00a0\u00bb make_fullwidth=\u00a0\u00bboff\u00a0\u00bb use_custom_width=\u00a0\u00bboff\u00a0\u00bb width_unit=\u00a0\u00bboff\u00a0\u00bb disabled=\u00a0\u00bbon\u00a0\u00bb global_colors_info=\u00a0\u00bb{}\u00a0\u00bb][et_pb_column type=\u00a0\u00bb1_4&Prime; _builder_version=\u00a0\u00bb4.16&Prime; custom_padding=\u00a0\u00bb|||\u00a0\u00bb global_colors_info=\u00a0\u00bb{}\u00a0\u00bb custom_padding__hover=\u00a0\u00bb|||\u00a0\u00bb][et_pb_blurb title=\u00a0\u00bbModalit\u00e9s d\u2019admission\u00a0\u00bb use_icon=\u00a0\u00bbon\u00a0\u00bb font_icon=\u00a0\u00bb&#x6c;||divi||400&Prime; icon_color=\u00a0\u00bb#a8a8a8&Prime; icon_placement=\u00a0\u00bbleft\u00a0\u00bb image_icon_width=\u00a0\u00bb46px\u00a0\u00bb admin_label=\u00a0\u00bbBlurb &#8211; Modalit\u00e9s d&rsquo;admission\u00a0\u00bb _builder_version=\u00a0\u00bb4.16&Prime; header_font=\u00a0\u00bb|on|||\u00a0\u00bb header_text_color=\u00a0\u00bb#a8a8a8&Prime; header_font_size=\u00a0\u00bb24px\u00a0\u00bb body_text_color=\u00a0\u00bb#a8a8a8&Prime; background_size=\u00a0\u00bbinitial\u00a0\u00bb background_position=\u00a0\u00bbtop_left\u00a0\u00bb background_repeat=\u00a0\u00bbrepeat\u00a0\u00bb background_layout=\u00a0\u00bbdark\u00a0\u00bb animation=\u00a0\u00bbright\u00a0\u00bb use_border_color=\u00a0\u00bboff\u00a0\u00bb border_color=\u00a0\u00bb#ffffff\u00a0\u00bb border_width=\u00a0\u00bb1px\u00a0\u00bb border_style=\u00a0\u00bbsolid\u00a0\u00bb icon_font_size=\u00a0\u00bb46px\u00a0\u00bb global_colors_info=\u00a0\u00bb{}\u00a0\u00bb][\/et_pb_blurb][\/et_pb_column][et_pb_column type=\u00a0\u00bb3_4&Prime; _builder_version=\u00a0\u00bb4.16&Prime; custom_padding=\u00a0\u00bb|28px||24px\u00a0\u00bb global_colors_info=\u00a0\u00bb{}\u00a0\u00bb custom_padding__hover=\u00a0\u00bb|||\u00a0\u00bb][et_pb_text admin_label=\u00a0\u00bbTexte &#8211; Modalit\u00e9s d&rsquo;admission\u00a0\u00bb _builder_version=\u00a0\u00bb4.16&Prime; background_size=\u00a0\u00bbinitial\u00a0\u00bb background_position=\u00a0\u00bbtop_left\u00a0\u00bb background_repeat=\u00a0\u00bbrepeat\u00a0\u00bb text_font_size_tablet=\u00a0\u00bb16px\u00a0\u00bb text_font_size_phone=\u00a0\u00bb\u00a0\u00bb text_font_size_last_edited=\u00a0\u00bbon|tablet\u00a0\u00bb use_border_color=\u00a0\u00bboff\u00a0\u00bb border_style=\u00a0\u00bbsolid\u00a0\u00bb global_colors_info=\u00a0\u00bb{}\u00a0\u00bb]<\/p>\n<p class=\"p1\">Pour \u00eatre admis en ESAT, il est n\u00e9cessaire que la personne dispose d\u2019une notification d\u2019orientation de travail en milieu prot\u00e9g\u00e9 d\u00e9livr\u00e9e par la MDPH et<span class=\"Apple-converted-space\">\u00a0 <\/span>exprime son souhait d\u2019int\u00e9grer l\u2019ESAT par le biais d\u2019un courrier.<\/p>\n<p>Le charg\u00e9 d\u2019insertion contacte la personne pour lui proposer une rencontre et un stage.<\/p>\n<p>Le stage a pour objectif de permettre \u00e0 la personne de d\u00e9couvrir la structure et de se positionner quant \u00e0 son projet professionnel. Les membres de l\u2019\u00e9quipe pluridisciplinaire rencontreront la personne au cours du stage et \u00e9tabliront un avis quant aux possibilit\u00e9s d\u2019accueil de la personne compte tenu de son projet professionnel. La synth\u00e8se de cet avis, r\u00e9dig\u00e9e par l\u2019\u00e9quipe, validera ou non cette demande d\u2019admission.<span class=\"Apple-converted-space\">\u00a0 \u00a0 \u00a0 \u00a0 \u00a0 \u00a0 \u00a0 \u00a0 \u00a0 \u00a0 \u00a0 \u00a0 \u00a0 \u00a0 \u00a0 \u00a0 \u00a0 \u00a0 \u00a0 \u00a0 \u00a0 \u00a0 \u00a0 \u00a0 \u00a0 \u00a0 \u00a0 \u00a0 \u00a0 \u00a0 \u00a0 \u00a0 \u00a0 \u00a0 \u00a0 \u00a0 \u00a0 \u00a0 \u00a0 \u00a0 \u00a0 \u00a0<\/span><\/p>\n<p class=\"p1\">Les personnes sont alors enregistr\u00e9es sur notre liste d\u2019attente en cas de r\u00e9ponse positive.<\/p>\n<p>[\/et_pb_text][\/et_pb_column][\/et_pb_row][et_pb_row admin_label=\u00a0\u00bbLigne\u00a0\u00bb _builder_version=\u00a0\u00bb4.16&Prime; background_size=\u00a0\u00bbinitial\u00a0\u00bb background_position=\u00a0\u00bbtop_left\u00a0\u00bb background_repeat=\u00a0\u00bbrepeat\u00a0\u00bb global_colors_info=\u00a0\u00bb{}\u00a0\u00bb][et_pb_column type=\u00a0\u00bb4_4&Prime; _builder_version=\u00a0\u00bb4.16&Prime; custom_padding=\u00a0\u00bb|||\u00a0\u00bb global_colors_info=\u00a0\u00bb{}\u00a0\u00bb custom_padding__hover=\u00a0\u00bb|||\u00a0\u00bb][et_pb_toggle title=\u00a0\u00bbPublic accueilli\u00a0\u00bb admin_label=\u00a0\u00bbBascule\u00a0\u00bb _builder_version=\u00a0\u00bb4.16&Prime; background_size=\u00a0\u00bbinitial\u00a0\u00bb background_position=\u00a0\u00bbtop_left\u00a0\u00bb background_repeat=\u00a0\u00bbrepeat\u00a0\u00bb use_border_color=\u00a0\u00bboff\u00a0\u00bb border_color=\u00a0\u00bb#ffffff\u00a0\u00bb border_style=\u00a0\u00bbsolid\u00a0\u00bb global_colors_info=\u00a0\u00bb{}\u00a0\u00bb]<\/p>\n<p>L&rsquo;ESAT a un agr\u00e9ment pour accompagner 80 travailleurs, de 20 ans jusqu&rsquo;\u00e0 la retraite. <\/p>\n<p>[\/et_pb_toggle][et_pb_toggle title=\u00a0\u00bbType de prise en charge\u00a0\u00bb admin_label=\u00a0\u00bbBascule\u00a0\u00bb _builder_version=\u00a0\u00bb4.16&Prime; background_size=\u00a0\u00bbinitial\u00a0\u00bb background_position=\u00a0\u00bbtop_left\u00a0\u00bb background_repeat=\u00a0\u00bbrepeat\u00a0\u00bb use_border_color=\u00a0\u00bboff\u00a0\u00bb border_color=\u00a0\u00bb#ffffff\u00a0\u00bb border_style=\u00a0\u00bbsolid\u00a0\u00bb global_colors_info=\u00a0\u00bb{}\u00a0\u00bb]<\/p>\n<p>L&rsquo;\u00e9quipe pluridisciplinaire \u0153uvre autour de l&rsquo;accompagnement personnalis\u00e9 de l&rsquo;usager dans son insertion sociale et profession\u00adnelle et assure :<\/p>\n<p>\u2022 un accueil et un suivi individualis\u00e9 de la personne,<br \/>\u2022 un accompagnement dans le d\u00e9veloppe\u00adment de l&rsquo;autonomie,<br \/>\u2022 un accompagnement dans la formation, la pr\u00e9vention et la s\u00e9curit\u00e9 au travail.<\/p>\n<p>[\/et_pb_toggle][et_pb_toggle title=\u00a0\u00bbNos engagements et objectifs\u00a0\u00bb admin_label=\u00a0\u00bbBascule\u00a0\u00bb _builder_version=\u00a0\u00bb4.16&Prime; background_size=\u00a0\u00bbinitial\u00a0\u00bb background_position=\u00a0\u00bbtop_left\u00a0\u00bb background_repeat=\u00a0\u00bbrepeat\u00a0\u00bb use_border_color=\u00a0\u00bboff\u00a0\u00bb border_color=\u00a0\u00bb#ffffff\u00a0\u00bb border_style=\u00a0\u00bbsolid\u00a0\u00bb global_colors_info=\u00a0\u00bb{}\u00a0\u00bb]<\/p>\n<p>Le travail sert de support \u00e0 l&rsquo;accompagne\u00adment des usagers.<br \/> Des activit\u00e9s professionnelles diverses et adapt\u00e9es \u00e0 chacun sont propos\u00e9es :<\/p>\n<ul>\n<li>le conditionnement,<\/li>\n<li>l&rsquo;entretien d&rsquo;espaces verts<\/li>\n<li>la d\u00e9coupe de mati\u00e8res intiss\u00e9es,<\/li>\n<li>le travail du textile : \u00e9chantillonnage, couture,<\/li>\n<li>des activit\u00e9s de restauration : pr\u00e9paration des repas et service en salle,<\/li>\n<li>la mise \u00e0 disposition : elle permet \u00e0 un ou plusieurs travailleurs d&rsquo;avoir une exp\u00e9\u00adrience dans une entreprise du milieu ordinaire tout en b\u00e9n\u00e9ficiant d&rsquo;un accom\u00adpagnement de l&rsquo;ESAT.<\/li>\n<\/ul>\n<p>Ces activit\u00e9s ne sont pas occupationnelles : il s&rsquo;agit de productions sous-trait\u00e9es par nos clients et donc soumises \u00e0 une exigence certaine: d\u00e9lais, qualit\u00e9 &#8230;<\/p>\n<p>[\/et_pb_toggle][et_pb_toggle title=\u00a0\u00bbModalit\u00e9s d&rsquo;admission\u00a0\u00bb admin_label=\u00a0\u00bbBascule\u00a0\u00bb _builder_version=\u00a0\u00bb4.16&Prime; background_size=\u00a0\u00bbinitial\u00a0\u00bb background_position=\u00a0\u00bbtop_left\u00a0\u00bb background_repeat=\u00a0\u00bbrepeat\u00a0\u00bb use_border_color=\u00a0\u00bboff\u00a0\u00bb border_color=\u00a0\u00bb#ffffff\u00a0\u00bb border_style=\u00a0\u00bbsolid\u00a0\u00bb global_colors_info=\u00a0\u00bb{}\u00a0\u00bb]<\/p>\n<p class=\"p1\">Pour \u00eatre admis en ESAT, il est n\u00e9cessaire que la personne dispose d\u2019une notification d\u2019orientation de travail en milieu prot\u00e9g\u00e9 d\u00e9livr\u00e9e par la MDPH et<span class=\"Apple-converted-space\">\u00a0 <\/span>exprime son souhait d\u2019int\u00e9grer l\u2019ESAT par le biais d\u2019un courrier.<\/p>\n<p>Le charg\u00e9 d\u2019insertion contacte la personne pour lui proposer une rencontre et un stage.<\/p>\n<p>Le stage a pour objectif de permettre \u00e0 la personne de d\u00e9couvrir la structure et de se positionner quant \u00e0 son projet professionnel. Les membres de l\u2019\u00e9quipe pluridisciplinaire rencontreront la personne au cours du stage et \u00e9tabliront un avis quant aux possibilit\u00e9s d\u2019accueil de la personne compte tenu de son projet professionnel. La synth\u00e8se de cet avis, r\u00e9dig\u00e9e par l\u2019\u00e9quipe, validera ou non cette demande d\u2019admission.<span class=\"Apple-converted-space\">\u00a0 \u00a0 \u00a0 \u00a0 \u00a0 \u00a0 \u00a0 \u00a0 \u00a0 \u00a0 \u00a0 \u00a0 \u00a0 \u00a0 \u00a0 \u00a0 \u00a0 \u00a0 \u00a0 \u00a0 \u00a0 \u00a0 \u00a0 \u00a0 \u00a0 \u00a0 \u00a0 \u00a0 \u00a0 \u00a0 \u00a0 \u00a0 \u00a0 \u00a0 \u00a0 \u00a0 \u00a0 \u00a0 \u00a0 \u00a0 \u00a0 \u00a0<\/span><\/p>\n<p class=\"p1\">Les personnes sont alors enregistr\u00e9es sur notre liste d\u2019attente en cas de r\u00e9ponse positive.<\/p>\n<p>[\/et_pb_toggle][\/et_pb_column][\/et_pb_row][\/et_pb_section]<\/p>\n","protected":false},"excerpt":{"rendered":"<p>&gt; Adultes reconnus travailleurs handicap\u00e9s Contact Directeur P\u00f4le Travail : Bruno VILAINDirecteur D\u00e9l\u00e9gu\u00e9 68 P\u00f4le Travail : Faycel GHAZIDirectrice Adjointe : Caroline LANAOAdministrateur r\u00e9f\u00e9rent : Fr\u00e9d\u00e9ric AIATT\u00e9l. 03 89 08 07 80\u00a0\u00a0\u00a0 Adresse 30 rue de Delle68210 DANNEMARIEPr\u00e9sentation Implant\u00e9 au coeur de la ville de Dannemarie, l&rsquo;ESAT Kaemmerlen a \u00e9t\u00e9 cr\u00e9\u00e9 en 1980 avec pour [&hellip;]<\/p>\n","protected":false},"author":12,"featured_media":0,"comment_status":"open","ping_status":"open","sticky":false,"template":"","format":"standard","meta":{"_et_pb_use_builder":"on","_et_pb_old_content":"","_et_gb_content_width":"","footnotes":""},"categories":[62,28,12],"tags":[],"class_list":["post-9748","post","type-post","status-publish","format-standard","hentry","category-pole-dannemarie","category-esat","category-travail"],"yoast_head":"<!-- This site is optimized with the Yoast SEO plugin v28.4 - https:\/\/yoast.com\/product\/yoast-seo-wordpress\/ -->\n<title>ESAT KAEMMERLEN - Adapei Papillons Blancs d&#039;Alsace<\/title>\n<meta name=\"robots\" content=\"index, follow, max-snippet:-1, max-image-preview:large, max-video-preview:-1\" \/>\n<link rel=\"canonical\" href=\"https:\/\/adapeipapillonsblancs.alsace\/index.php\/2021\/02\/25\/esat-dannemarie\/\" \/>\n<meta property=\"og:locale\" content=\"fr_FR\" \/>\n<meta property=\"og:type\" content=\"article\" \/>\n<meta property=\"og:title\" content=\"ESAT KAEMMERLEN - Adapei Papillons Blancs d&#039;Alsace\" \/>\n<meta property=\"og:description\" content=\"&gt; Adultes reconnus travailleurs handicap\u00e9s Contact Directeur P\u00f4le Travail : Bruno VILAINDirecteur D\u00e9l\u00e9gu\u00e9 68 P\u00f4le Travail : Faycel GHAZIDirectrice Adjointe : Caroline LANAOAdministrateur r\u00e9f\u00e9rent : Fr\u00e9d\u00e9ric AIATT\u00e9l. 03 89 08 07 80\u00a0\u00a0\u00a0 Adresse 30 rue de Delle68210 DANNEMARIEPr\u00e9sentation Implant\u00e9 au coeur de la ville de Dannemarie, l&#039;ESAT Kaemmerlen a \u00e9t\u00e9 cr\u00e9\u00e9 en 1980 avec pour [&hellip;]\" \/>\n<meta property=\"og:url\" content=\"https:\/\/adapeipapillonsblancs.alsace\/index.php\/2021\/02\/25\/esat-dannemarie\/\" \/>\n<meta property=\"og:site_name\" content=\"Adapei Papillons Blancs d&#039;Alsace\" \/>\n<meta property=\"article:published_time\" content=\"2021-02-25T08:52:50+00:00\" \/>\n<meta property=\"article:modified_time\" content=\"2025-04-04T06:02:54+00:00\" \/>\n<meta name=\"author\" content=\"Kathia HAAS\" \/>\n<meta name=\"twitter:card\" content=\"summary_large_image\" \/>\n<meta name=\"twitter:label1\" content=\"\u00c9crit par\" \/>\n\t<meta name=\"twitter:data1\" content=\"Kathia HAAS\" \/>\n\t<meta name=\"twitter:label2\" content=\"Dur\u00e9e de lecture estim\u00e9e\" \/>\n\t<meta name=\"twitter:data2\" content=\"3 minutes\" \/>\n<!-- \/ Yoast SEO plugin. -->","yoast_head_json":{"title":"ESAT KAEMMERLEN - Adapei Papillons Blancs d&#039;Alsace","robots":{"index":"index","follow":"follow","max-snippet":"max-snippet:-1","max-image-preview":"max-image-preview:large","max-video-preview":"max-video-preview:-1"},"canonical":"https:\/\/adapeipapillonsblancs.alsace\/index.php\/2021\/02\/25\/esat-dannemarie\/","og_locale":"fr_FR","og_type":"article","og_title":"ESAT KAEMMERLEN - Adapei Papillons Blancs d&#039;Alsace","og_description":"&gt; Adultes reconnus travailleurs handicap\u00e9s Contact Directeur P\u00f4le Travail : Bruno VILAINDirecteur D\u00e9l\u00e9gu\u00e9 68 P\u00f4le Travail : Faycel GHAZIDirectrice Adjointe : Caroline LANAOAdministrateur r\u00e9f\u00e9rent : Fr\u00e9d\u00e9ric AIATT\u00e9l. 03 89 08 07 80\u00a0\u00a0\u00a0 Adresse 30 rue de Delle68210 DANNEMARIEPr\u00e9sentation Implant\u00e9 au coeur de la ville de Dannemarie, l'ESAT Kaemmerlen a \u00e9t\u00e9 cr\u00e9\u00e9 en 1980 avec pour [&hellip;]","og_url":"https:\/\/adapeipapillonsblancs.alsace\/index.php\/2021\/02\/25\/esat-dannemarie\/","og_site_name":"Adapei Papillons Blancs d&#039;Alsace","article_published_time":"2021-02-25T08:52:50+00:00","article_modified_time":"2025-04-04T06:02:54+00:00","author":"Kathia HAAS","twitter_card":"summary_large_image","twitter_misc":{"\u00c9crit par":"Kathia HAAS","Dur\u00e9e de lecture estim\u00e9e":"3 minutes"},"schema":{"@context":"https:\/\/schema.org","@graph":[{"@type":"Article","@id":"https:\/\/adapeipapillonsblancs.alsace\/index.php\/2021\/02\/25\/esat-dannemarie\/#article","isPartOf":{"@id":"https:\/\/adapeipapillonsblancs.alsace\/index.php\/2021\/02\/25\/esat-dannemarie\/"},"author":{"name":"Kathia HAAS","@id":"https:\/\/adapeipapillonsblancs.alsace\/#\/schema\/person\/be6c334eae3a27a9c69bf5f0cb14011f"},"headline":"ESAT KAEMMERLEN","datePublished":"2021-02-25T08:52:50+00:00","dateModified":"2025-04-04T06:02:54+00:00","mainEntityOfPage":{"@id":"https:\/\/adapeipapillonsblancs.alsace\/index.php\/2021\/02\/25\/esat-dannemarie\/"},"wordCount":2732,"commentCount":0,"articleSection":["Dannemarie","Esat","P\u00f4le Travail et Formation"],"inLanguage":"fr-FR","potentialAction":[{"@type":"CommentAction","name":"Comment","target":["https:\/\/adapeipapillonsblancs.alsace\/index.php\/2021\/02\/25\/esat-dannemarie\/#respond"]}]},{"@type":"WebPage","@id":"https:\/\/adapeipapillonsblancs.alsace\/index.php\/2021\/02\/25\/esat-dannemarie\/","url":"https:\/\/adapeipapillonsblancs.alsace\/index.php\/2021\/02\/25\/esat-dannemarie\/","name":"ESAT KAEMMERLEN - Adapei Papillons Blancs d&#039;Alsace","isPartOf":{"@id":"https:\/\/adapeipapillonsblancs.alsace\/#website"},"datePublished":"2021-02-25T08:52:50+00:00","dateModified":"2025-04-04T06:02:54+00:00","author":{"@id":"https:\/\/adapeipapillonsblancs.alsace\/#\/schema\/person\/be6c334eae3a27a9c69bf5f0cb14011f"},"breadcrumb":{"@id":"https:\/\/adapeipapillonsblancs.alsace\/index.php\/2021\/02\/25\/esat-dannemarie\/#breadcrumb"},"inLanguage":"fr-FR","potentialAction":[{"@type":"ReadAction","target":["https:\/\/adapeipapillonsblancs.alsace\/index.php\/2021\/02\/25\/esat-dannemarie\/"]}]},{"@type":"BreadcrumbList","@id":"https:\/\/adapeipapillonsblancs.alsace\/index.php\/2021\/02\/25\/esat-dannemarie\/#breadcrumb","itemListElement":[{"@type":"ListItem","position":1,"name":"Accueil","item":"https:\/\/adapeipapillonsblancs.alsace\/"},{"@type":"ListItem","position":2,"name":"ESAT KAEMMERLEN"}]},{"@type":"WebSite","@id":"https:\/\/adapeipapillonsblancs.alsace\/#website","url":"https:\/\/adapeipapillonsblancs.alsace\/","name":"Adapei Papillons Blancs d&#039;Alsace","description":"Ensemble, plus loin, plus fort !","potentialAction":[{"@type":"SearchAction","target":{"@type":"EntryPoint","urlTemplate":"https:\/\/adapeipapillonsblancs.alsace\/?s={search_term_string}"},"query-input":{"@type":"PropertyValueSpecification","valueRequired":true,"valueName":"search_term_string"}}],"inLanguage":"fr-FR"},{"@type":"Person","@id":"https:\/\/adapeipapillonsblancs.alsace\/#\/schema\/person\/be6c334eae3a27a9c69bf5f0cb14011f","name":"Kathia HAAS","image":{"@type":"ImageObject","inLanguage":"fr-FR","@id":"https:\/\/secure.gravatar.com\/avatar\/fdfd5da09d61bd6b6b17ce18388b44d517517a7397d97d590e9b068344f074f7?s=96&d=mm&r=g","url":"https:\/\/secure.gravatar.com\/avatar\/fdfd5da09d61bd6b6b17ce18388b44d517517a7397d97d590e9b068344f074f7?s=96&d=mm&r=g","contentUrl":"https:\/\/secure.gravatar.com\/avatar\/fdfd5da09d61bd6b6b17ce18388b44d517517a7397d97d590e9b068344f074f7?s=96&d=mm&r=g","caption":"Kathia HAAS"},"url":"https:\/\/adapeipapillonsblancs.alsace\/index.php\/author\/khaas\/"}]}},"_links":{"self":[{"href":"https:\/\/adapeipapillonsblancs.alsace\/index.php\/wp-json\/wp\/v2\/posts\/9748","targetHints":{"allow":["GET"]}}],"collection":[{"href":"https:\/\/adapeipapillonsblancs.alsace\/index.php\/wp-json\/wp\/v2\/posts"}],"about":[{"href":"https:\/\/adapeipapillonsblancs.alsace\/index.php\/wp-json\/wp\/v2\/types\/post"}],"author":[{"embeddable":true,"href":"https:\/\/adapeipapillonsblancs.alsace\/index.php\/wp-json\/wp\/v2\/users\/12"}],"replies":[{"embeddable":true,"href":"https:\/\/adapeipapillonsblancs.alsace\/index.php\/wp-json\/wp\/v2\/comments?post=9748"}],"version-history":[{"count":0,"href":"https:\/\/adapeipapillonsblancs.alsace\/index.php\/wp-json\/wp\/v2\/posts\/9748\/revisions"}],"wp:attachment":[{"href":"https:\/\/adapeipapillonsblancs.alsace\/index.php\/wp-json\/wp\/v2\/media?parent=9748"}],"wp:term":[{"taxonomy":"category","embeddable":true,"href":"https:\/\/adapeipapillonsblancs.alsace\/index.php\/wp-json\/wp\/v2\/categories?post=9748"},{"taxonomy":"post_tag","embeddable":true,"href":"https:\/\/adapeipapillonsblancs.alsace\/index.php\/wp-json\/wp\/v2\/tags?post=9748"}],"curies":[{"name":"wp","href":"https:\/\/api.w.org\/{rel}","templated":true}]}}